{"id":497707,"date":"2020-05-25T11:18:07","date_gmt":"2020-05-25T09:18:07","guid":{"rendered":"http:\/\/www.ivg.it\/?p=497707"},"modified":"2020-05-25T13:01:29","modified_gmt":"2020-05-25T11:01:29","slug":"caso-darsena-caprioglio-se-toti-venisse-mi-vedrebbe-in-giro-savesafe-village-lo-valutiamo","status":"publish","type":"post","link":"https:\/\/staging.ivg.it\/2020\/05\/caso-darsena-caprioglio-se-toti-venisse-mi-vedrebbe-in-giro-savesafe-village-lo-valutiamo\/","title":{"rendered":"Caso Darsena, Caprioglio: &#8220;Se Toti venisse mi vedrebbe in giro. Save&#038;Safe Village? Lo valutiamo&#8221;"},"content":{"rendered":"<p><strong>Savona.<\/strong> Dal <strong>caso della Darsena a Savona di venerd\u00ec sera passando per il mercato settimanale del luned\u00ec<\/strong>, dove certo gli assembramenti non sono mancati (<em>vedi foto<\/em>). La Citt\u00e0 della Torretta \u00e8 alla prese con la gestione, complicata, della Fase 2 e del rispetto delle regole e delle disposizioni di sicurezza sanitaria.<\/p>\n<p>Questa mattina <strong>il sindaco Ilaria Caprioglio \u00e8 tornata a fare il punto della situazione<\/strong>: &#8220;Abbiamo visto che i controlli delle forze dell&#8217;ordine non sono stati sufficienti in quanto era impossibile arginare un urto di giovani che dalle 23.00 si \u00e8 riversato in Darsena. La sera seguente, invece, c&#8217;\u00e8 stato un dispiegamento davvero imponente&#8230; E&#8217; chiaro che serve un equilibrio e per questo gi\u00e0 nel <strong>pomeriggio incontrer\u00f2 gli operatori della Darsena<\/strong> per cercare soluzioni comuni e condivise&#8221;.<\/p>\n<p>&#8220;Ci troveremo comunque di fronte a <strong>problemi di ordine pubblico, pensiamo alle spiagge libere<\/strong> e agli accessi quando ci sar\u00e0 il via libera per la stagione estiva e l&#8217;ok allo spostamento tra regioni: chi rester\u00e0 fuori cosa far\u00e0?&#8221; si chiede il primo cittadino savonese. <\/p>\n<p>&#8220;Quanto al mercato ho visto in prima persona: \u00e8 chiaro che <strong>gli assembramenti ci sono<\/strong>, tuttavia \u00e8 anche vero che gli operatori hanno fatto uno sforzo notevole per far rispettare le regole&#8221; aggiunge ancora Caprioglio.<\/p>\n<p>https:\/\/www.facebook.com\/IVG.it\/videos\/665731107308160\/<\/p>\n<p>E poi la stoccata in riferimento al botta e risposta con il presidente della Regione:<strong> &#8220;Se Toti venisse per una volta a Savona mi vedrebbe in giro&#8230;&#8221;.<\/strong><\/p>\n<p>&#8220;Serve una <strong>azione forte di sensibilizzazione dei cittadini<\/strong>, ma i <strong>sindaci non devono fare gli sceriffi come pretende il governatore Toti<\/strong>: \u00e8 indispensabile una coesione tra le istituzioni e linee guida che fino ad ora dalla Regione non sono arrivate con gli amminstratori lasciati con il cerino in mano&#8230;&#8221;.<\/p>\n<p>&#8220;D&#8217;altronde il discorso movida o spiagge libere \u00e8 una questione nazionale e i casi non sono certo mancati in molte altre citt\u00e0: ai sindaci<strong> servono protocolli e strumenti adeguati<\/strong>, altrimenti inutile fare parole e polemiche&#8221;.<\/p>\n<p>Il sindaco Caprioglio \u00e8 poi tornata a parlare <strong>del <a href=\"http:\/\/piano per rilanciare Savona: un \u201cSave&amp;Safe Village\u201d dalla Darsena al Prolungamento passando per il Priamar\" target=\"_blank\" rel=\"noopener\">piano \u201cSave&amp;Safe Village\u201d<\/a><\/strong>, dalla Darsena al Prolungamento passando per il Priamar: &#8220;E&#8217; una <strong>possibilit\u00e0 operativa da valutare<\/strong>, tuttavia ho riscontrato che alcuni operatori ed esercizi non sono favorevoli: \u00e8 indispensabile avere il consenso e l&#8217;appoggio di tutti per mettere in atto azioni unitarie ed efficaci nell&#8217;interesse collettivo&#8221; conclude.<\/p>\n","protected":false},"excerpt":{"rendered":"<p>Il primo cittadino savonese chiarisce sugli assembramenti: &#8220;No a sindaci sceriffi, strumenti per i Comuni e sensibilizzazione dei cittadini&#8221;<\/p>\n","protected":false},"author":4,"featured_media":0,"comment_status":"open","ping_status":"closed","sticky":false,"template":"","format":"standard","meta":{"footnotes":""},"categories":[45296,34,31],"tags":[3204,113080,113368],"class_list":["post-497707","post","type-post","status-publish","format-standard","hentry","category-copertina","category-cronaca","category-politica","tag-comune-savona","tag-fase-2","tag-mercato-savona","post_cat_citta-savona","post_tag_personaggi-ilaria-caprioglio"],"amp_validity":null,"amp_enabled":true,"_links":{"self":[{"href":"https:\/\/staging.ivg.it\/ediapi\/wp\/v2\/posts\/497707","targetHints":{"allow":["GET"]}}],"collection":[{"href":"https:\/\/staging.ivg.it\/ediapi\/wp\/v2\/posts"}],"about":[{"href":"https:\/\/staging.ivg.it\/ediapi\/wp\/v2\/types\/post"}],"author":[{"embeddable":true,"href":"https:\/\/staging.ivg.it\/ediapi\/wp\/v2\/users\/4"}],"replies":[{"embeddable":true,"href":"https:\/\/staging.ivg.it\/ediapi\/wp\/v2\/comments?post=497707"}],"version-history":[{"count":0,"href":"https:\/\/staging.ivg.it\/ediapi\/wp\/v2\/posts\/497707\/revisions"}],"wp:attachment":[{"href":"https:\/\/staging.ivg.it\/ediapi\/wp\/v2\/media?parent=497707"}],"wp:term":[{"taxonomy":"category","embeddable":true,"href":"https:\/\/staging.ivg.it\/ediapi\/wp\/v2\/categories?post=497707"},{"taxonomy":"post_tag","embeddable":true,"href":"https:\/\/staging.ivg.it\/ediapi\/wp\/v2\/tags?post=497707"}],"curies":[{"name":"wp","href":"https:\/\/api.w.org\/{rel}","templated":true}]}}