{"id":497492,"date":"2020-05-21T17:53:39","date_gmt":"2020-05-21T15:53:39","guid":{"rendered":"http:\/\/www.ivg.it\/?p=497492"},"modified":"2020-05-21T17:53:39","modified_gmt":"2020-05-21T15:53:39","slug":"lassessore-berrino-entra-nel-comitato-permanente-di-promozione-del-turismo-in-italia","status":"publish","type":"post","link":"https:\/\/staging.ivg.it\/2020\/05\/lassessore-berrino-entra-nel-comitato-permanente-di-promozione-del-turismo-in-italia\/","title":{"rendered":"L&#8217;assessore Berrino entra nel Comitato permanente di promozione del turismo in Italia"},"content":{"rendered":"<p><strong>Genova.<\/strong> L&#8217;assessore regionale al turismo Gianni Berrino (<em>nella foto<\/em>) \u00e8 stato nominato membro del Comitato permanente di promozione del turismo in Italia presso il Mibact in qualit\u00e0 di rappresentante delle Regioni. La conferma della nomina \u00e8 arrivata in queste ore in Conferenza Stato Regioni.<\/p>\n<p>\u201cSono molto orgoglioso di questa nomina &#8211; ha dichiarato Berrino &#8211; e di dover moltiplicare il mio impegno per dare ancor pi\u00f9 lustro ad un settore che pi\u00f9 di tutti ha sofferto la crisi per la pandemia e che necessit\u00e0 quindi di un grande rilancio in Italia. Ringrazio ancora chi mi ha scelto e chi ha visto il grande lavoro svolto in Liguria\u201d.<\/p>\n<p>Uno degli obiettivi del Comitato sar\u00e0 la stesura del quinquennale Piano strategico di sviluppo del turismo in Italia che principalmente dovr\u00e0 operare con accordi di programma con le regioni e le autonomie locali per lo sviluppo del prodotto turistico sui territori.<\/p>\n","protected":false},"excerpt":{"rendered":"<p>&#8220;Sono orgoglioso di moltiplicare il mio impegno per dare ancor pi\u00f9 lustro ad un settore che pi\u00f9 di tutti ha sofferto la crisi&#8221;<\/p>\n","protected":false},"author":18,"featured_media":0,"comment_status":"open","ping_status":"closed","sticky":false,"template":"","format":"standard","meta":{"footnotes":""},"categories":[35,31],"tags":[107],"class_list":["post-497492","post","type-post","status-publish","format-standard","hentry","category-economia","category-politica","tag-turismo","post_tag_personaggi-gianni-berrino"],"amp_validity":null,"amp_enabled":true,"_links":{"self":[{"href":"https:\/\/staging.ivg.it\/ediapi\/wp\/v2\/posts\/497492","targetHints":{"allow":["GET"]}}],"collection":[{"href":"https:\/\/staging.ivg.it\/ediapi\/wp\/v2\/posts"}],"about":[{"href":"https:\/\/staging.ivg.it\/ediapi\/wp\/v2\/types\/post"}],"author":[{"embeddable":true,"href":"https:\/\/staging.ivg.it\/ediapi\/wp\/v2\/users\/18"}],"replies":[{"embeddable":true,"href":"https:\/\/staging.ivg.it\/ediapi\/wp\/v2\/comments?post=497492"}],"version-history":[{"count":0,"href":"https:\/\/staging.ivg.it\/ediapi\/wp\/v2\/posts\/497492\/revisions"}],"wp:attachment":[{"href":"https:\/\/staging.ivg.it\/ediapi\/wp\/v2\/media?parent=497492"}],"wp:term":[{"taxonomy":"category","embeddable":true,"href":"https:\/\/staging.ivg.it\/ediapi\/wp\/v2\/categories?post=497492"},{"taxonomy":"post_tag","embeddable":true,"href":"https:\/\/staging.ivg.it\/ediapi\/wp\/v2\/tags?post=497492"}],"curies":[{"name":"wp","href":"https:\/\/api.w.org\/{rel}","templated":true}]}}