{"id":497434,"date":"2020-05-21T11:36:19","date_gmt":"2020-05-21T09:36:19","guid":{"rendered":"http:\/\/www.ivg.it\/?p=497434"},"modified":"2020-05-21T11:36:19","modified_gmt":"2020-05-21T09:36:19","slug":"ritrova-la-bussola-il-lancio-del-progetto-scuola-della-federvela","status":"publish","type":"post","link":"https:\/\/staging.ivg.it\/2020\/05\/ritrova-la-bussola-il-lancio-del-progetto-scuola-della-federvela\/","title":{"rendered":"Ritrova la bussola: il lancio del progetto scuola della Federvela"},"content":{"rendered":"<p><strong>Savona.<\/strong> Sar\u00e0 un&#8217;estate diversa, pi\u00f9 consapevole, attenta alla sicurezza e alla sostenibilit\u00e0, con meno viaggi e pi\u00f9 in famiglia? Allora potr\u00e0 essere anche l&#8217;estate della vela. Lo crede e lo propone la Federazione Italiana Vela, che si appresta a lanciare nelle prossime settimane un progetto volto a promuovere le proprie scuole vela, a partire dallo slogan: &#8220;Ritrova la bussola&#8221;.<\/p>\n<p>Il progetto Fiv ha come partner istituzionali Kinder Joy of Moving, Mercedes-Benz e Luna Rossa Prada Pirelli Team, e ha un logo ufficiale, che riprende l&#8217;immagine Scuola Vela Fiv aggiungendo una grande bussola con i suoi punti cardinali, e introducendo la figura di una mascotte: Ale Surfini, bionda e riccioluta, riferimento non troppo misterioso al personaggio di Alessandra Sensini, la velista pi\u00f9 vincente della storia olimpica, attuale Vicepresidente Coni.<\/p>\n<p>Lo spirito dell&#8217;iniziativa \u00e8 dare un forte messaggio di rilancio della vela come esempio concreto di ripartenza attraverso uno sport formativo, sicuro e immerso negli elementi naturali. Le scuole vela Fiv sono oltre 550, con circa 2.000 istruttori iscritti all&#8217;apposito albo, e ogni anno ospitano circa 30.000 allievi, l&#8217;80% dei quali sono giovani o giovanissimi.<\/p>\n<p>Il progetto prevede molti e diversi momenti di comunicazione: sono previste campagne social, annunci pubblicitari sui media, video con interventi di volti famosi della vela come testimonial, come Alessandra Sensini, Giovanni Soldini, Max Sirena, e alcuni velisti delle classi olimpiche. Nel corso della campagna promozionale sono previsti altri interventi con ulteriori personaggi, ciascuno dei quali racconta la propria storia di partecipazione a un corso di vela.<\/p>\n<p>In questo periodo particolare, il progetto Fiv mobilit\u00e0 anche il resto dei suoi 750 circoli velici affiliati in tutte le regioni, e amplia la proposta dei corsi di vela con un&#8217;attenzione particolare alle famiglie. La vela \u00e8 divertimento e sicurezza per tutta la famiglia: uno sport che educa al rispetto del mare e delle regole, attraverso l&#8217;avventura, la cultura marinaresca, lo spirito di squadra e la solidariet\u00e0. Il tutto sotto la guida dei bravissimi istruttori Fiv. Mai come quest&#8217;anno, scommettono in Federvela, sar\u00e0 possibile vedere genitori e figli sulla stessa barca!<\/p>\n<p>Inoltre, il circolo velico si presenta come uno dei luoghi pi\u00f9 sicuri e organizzati nel rispetto delle regole sanitarie in atto: sanificazioni, distanziamento, dispositivi, aree dedicate per i corsi. A terra e in acqua il protocollo Fiv segue le linee guida del Governo, del Coni e dei medici sportivi.<\/p>\n<p>Tutte le 15 Zone periferiche Fiv partecipano sui rispettivi territori alla promozione dell&#8217;iniziativa, che prevede anche dei kit speciali consegnati ai circoli velici e speciali momenti di coinvolgimento e formazione degli affiliati e degli istruttori. Verr\u00e0 predisposto un form agli istruttori, che verr\u00e0 successivamente messo a disposizione dei club, al fine di poter avere un panorama sui tecnici da coinvolgere per la propria Scuola di Vela, una sorta di bacheca per unire domanda e offerta (questo il link: https:\/\/tinyurl.com\/questionarioistruttori).<\/p>\n<p>Il mese chiave per la promozione sar\u00e0 giugno, quando i circoli avvieranno le attivit\u00e0. Ma un&#8217;altra grande novit\u00e0 dell&#8217;anno \u00e8 che le scuole vela Fiv saranno aperte, oltre a luglio, anche per tutto il mese di agosto. Previste anche in quel mese comunicazioni di aggiornamento sui numeri e l&#8217;andamento delle scuole vela, campagne sui social e pagine dedicate sul sito web della Fiv (www.federvela.it).<\/p>\n<p>Di particolare rilievo sar\u00e0 poi il weekend dal 26 al 28 giugno, quando lo storico Vela Day Fiv sar\u00e0 triplicato su tre giorni e servir\u00e0 da ulteriore supporto alla promozione, con le porte aperte dei circoli velici in tutta Italia, i quali hanno tempo fino al 25 maggio per iscriversi.<\/p>\n<p>Da oltre 90 anni la Federazione Italiana Vela, per statuto, pone al centro delle proprie attivit\u00e0 la promozione dell&#8217;amore per il mare, l&#8217;insegnamento e la diffusione della cultura nautica e velica. Migliaia di istruttori hanno cresciuto milioni di velisti e radicato una solida passione in un paese strategicamente disegnato per andar per mare.<\/p>\n<p>Si tratta di un&#8217;attivit\u00e0 costante e professionale, accompagnata dalla continua crescita nella formazione del personale docente e dall&#8217;aggiornamento dei metodi didattici. La Fiv \u00e8 l&#8217;ente della vela in Italia e, in un momento di grandi rinnovamenti normativi e organizzativi, ripropone il proprio ruolo fondamentale, presentando ai vari organismi politico-amministrativi interessati alla formazione nautica di tipo velico, programmi e schemi di formazione che ne fanno un punto di riferimento nella formazione velica, per tutti ed a tutti i livelli.<\/p>\n","protected":false},"excerpt":{"rendered":"<p>Tutte le 15 Zone periferiche Fiv partecipano sui rispettivi territori alla promozione dell&#8217;iniziativa<\/p>\n","protected":false},"author":18,"featured_media":0,"comment_status":"open","ping_status":"closed","sticky":false,"template":"","format":"standard","meta":{"footnotes":""},"categories":[45296,42377,32],"tags":[2343,429],"class_list":["post-497434","post","type-post","status-publish","format-standard","hentry","category-copertina","category-altri-sport","category-sport","tag-fiv","tag-vela"],"amp_validity":null,"amp_enabled":true,"_links":{"self":[{"href":"https:\/\/staging.ivg.it\/ediapi\/wp\/v2\/posts\/497434","targetHints":{"allow":["GET"]}}],"collection":[{"href":"https:\/\/staging.ivg.it\/ediapi\/wp\/v2\/posts"}],"about":[{"href":"https:\/\/staging.ivg.it\/ediapi\/wp\/v2\/types\/post"}],"author":[{"embeddable":true,"href":"https:\/\/staging.ivg.it\/ediapi\/wp\/v2\/users\/18"}],"replies":[{"embeddable":true,"href":"https:\/\/staging.ivg.it\/ediapi\/wp\/v2\/comments?post=497434"}],"version-history":[{"count":0,"href":"https:\/\/staging.ivg.it\/ediapi\/wp\/v2\/posts\/497434\/revisions"}],"wp:attachment":[{"href":"https:\/\/staging.ivg.it\/ediapi\/wp\/v2\/media?parent=497434"}],"wp:term":[{"taxonomy":"category","embeddable":true,"href":"https:\/\/staging.ivg.it\/ediapi\/wp\/v2\/categories?post=497434"},{"taxonomy":"post_tag","embeddable":true,"href":"https:\/\/staging.ivg.it\/ediapi\/wp\/v2\/tags?post=497434"}],"curies":[{"name":"wp","href":"https:\/\/api.w.org\/{rel}","templated":true}]}}