{"id":497295,"date":"2020-05-19T16:40:27","date_gmt":"2020-05-19T14:40:27","guid":{"rendered":"http:\/\/www.ivg.it\/?p=497295"},"modified":"2020-05-19T16:40:27","modified_gmt":"2020-05-19T14:40:27","slug":"albenga-pubblicato-il-bando-per-la-concessione-dellarea-esterna-dellester-siccardi","status":"publish","type":"post","link":"https:\/\/staging.ivg.it\/2020\/05\/albenga-pubblicato-il-bando-per-la-concessione-dellarea-esterna-dellester-siccardi\/","title":{"rendered":"Albenga: pubblicato il bando per la concessione dell\u2019area esterna dell\u2019Ester Siccardi"},"content":{"rendered":"<p><strong>Albenga<\/strong>. \u00c8 stato pubblicato il bando per la concessione dell\u2019area esterna dell\u2019Ester Siccardi da destinare ad attivit\u00e0 noleggio biciclette (<a href=\"http:\/\/www.comune.albenga.sv.it\/servizi\/notizie\/notizie_fase02.aspx?ID=13250\">qui<\/a> il link).<\/p>\n<p>La gara al rialzo prevede un importo a base di gara, per l&#8217;attivit\u00e0 di noleggio biciclette da corrispondere al Comune di Albenga, per il periodo luglio 2020 luglio 2022, pari a mille euro all&#8217;anno. Oltre a biciclette normali, mountain bike e e-bike dovranno essere messe a disposizione del noleggio anche handbike, tandem e bici porta carrozzina per disabili.<\/p>\n<p>La domanda di partecipazione alla gara, il capitolato speciale di gara e il progetto di gestione, dovranno a pena di esclusione essere inseriti in un plico, che dovr\u00e0 pervenire debitamente chiuso all&#8217;ufficio protocollo del Comune di Albenga, anche mediante consegna diretta, o invio a mezzo pec all&#8217;indirizzo protocollo@pec.comune.albenga.sv.it entro il termine perentorio delle 13 dell&#8217;8 giugno. Il plico dovr\u00e0 riportare all&#8217;esterno la dicitura \u201ccontiene domanda per partecipazione gara concessione area noleggio biciclette&#8221;.<\/p>\n<p>Afferma Marta Gaia, consigliera con delega all&#8217;abbattimento barriere architettoniche: &#8220;Sono felice di evidenziare\u00a0 che nel bando relativo al servizio noleggio di bike ed e-bike, abbiamo inserito anche\u00a0 l&#8217;handbike, il tandem e la bici per persone in carrozzina per permettere anche a persone con disabilit\u00e0 fisiche, sensoriali e psichiche di poter usufruire di questo servizio proseguendo il lavoro\u00a0 sull&#8217;accessibilit\u00e0 della Citt\u00e0 sotto diversi aspetti&#8221;.<\/p>\n<p>Spiega il vicesindaco Alberto Passino: &#8220;Il nostro intento \u00e8 quello di rendere sempre pi\u00f9 competitivo e al contempo accessibile, il nostro outdoor, settore che va alimentato per garantire una capacit\u00e0 attrattiva della nostra citt\u00e0 e comprensorio, rispetto ai flussi turistici specifici che hanno una capacit\u00e0 di spesa in grado di lasciare ricadute dirette sull&#8217;economia&#8221;.<\/p>\n<p>Concludono i due amministratori &#8220;Altre misure e progetti sono al vaglio e sviluppo dell&#8217;ufficio turismo e del CLT a garanzia dell&#8217;impegno che in modo corale si sta mettendo in campo per il Turismo, in ogni sua declinazione, sopratutto alla luce della difficile situazione attuale&#8221;.<\/p>\n<p>Il sindaco Riccardo Tomatis aggiunge: \u201cIl nostro territorio si presta particolarmente alla pratica di sport all\u2019aria aperta e del ciclismo sia su strada che mountain bike in particolare.<br \/>\nLa scelta di destinare un punto al centro della citt\u00e0 per il noleggio bici va in questa direzione e dar\u00e0 la possibilit\u00e0 a tutti di goderne\u201d.<\/p>\n","protected":false},"excerpt":{"rendered":"<p>Da destinare ad attivit\u00e0 noleggio biciclette<\/p>\n","protected":false},"author":12120,"featured_media":0,"comment_status":"open","ping_status":"closed","sticky":false,"template":"","format":"standard","meta":{"footnotes":""},"categories":[45296,31],"tags":[14591],"class_list":["post-497295","post","type-post","status-publish","format-standard","hentry","category-copertina","category-politica","tag-comune-di-albenga","post_cat_citta-albenga","post_tag_personaggi-alberto-passino","post_tag_personaggi-marta-gaia","post_tag_personaggi-riccardo-tomatis-2"],"amp_validity":null,"amp_enabled":true,"_links":{"self":[{"href":"https:\/\/staging.ivg.it\/ediapi\/wp\/v2\/posts\/497295","targetHints":{"allow":["GET"]}}],"collection":[{"href":"https:\/\/staging.ivg.it\/ediapi\/wp\/v2\/posts"}],"about":[{"href":"https:\/\/staging.ivg.it\/ediapi\/wp\/v2\/types\/post"}],"author":[{"embeddable":true,"href":"https:\/\/staging.ivg.it\/ediapi\/wp\/v2\/users\/12120"}],"replies":[{"embeddable":true,"href":"https:\/\/staging.ivg.it\/ediapi\/wp\/v2\/comments?post=497295"}],"version-history":[{"count":0,"href":"https:\/\/staging.ivg.it\/ediapi\/wp\/v2\/posts\/497295\/revisions"}],"wp:attachment":[{"href":"https:\/\/staging.ivg.it\/ediapi\/wp\/v2\/media?parent=497295"}],"wp:term":[{"taxonomy":"category","embeddable":true,"href":"https:\/\/staging.ivg.it\/ediapi\/wp\/v2\/categories?post=497295"},{"taxonomy":"post_tag","embeddable":true,"href":"https:\/\/staging.ivg.it\/ediapi\/wp\/v2\/tags?post=497295"}],"curies":[{"name":"wp","href":"https:\/\/api.w.org\/{rel}","templated":true}]}}