{"id":497247,"date":"2020-05-19T09:55:04","date_gmt":"2020-05-19T07:55:04","guid":{"rendered":"http:\/\/www.ivg.it\/?p=497247"},"modified":"2020-05-19T09:57:20","modified_gmt":"2020-05-19T07:57:20","slug":"direttore-sportivo-e-non-solo-allalbenga-volley-torna-grassadonio-nel-ruolo-di-dirigente","status":"publish","type":"post","link":"https:\/\/staging.ivg.it\/2020\/05\/direttore-sportivo-e-non-solo-allalbenga-volley-torna-grassadonio-nel-ruolo-di-dirigente\/","title":{"rendered":"Direttore sportivo e non solo: all&#8217;Albenga Volley torna Grassadonio, nel ruolo di dirigente"},"content":{"rendered":"<p><strong>Albenga.<\/strong> Prima novit\u00e0 &#8220;in entrata&#8221; per l&#8217;<strong>Albenga Volley,<\/strong> che si sta attrezzando in vista della<strong> stagione 2020\/21.<\/strong><\/p>\n<p>Dopo un anno di assenza,<strong> fa il suo rientro in societ\u00e0 Massimiliano Grassadonio<\/strong>. Ma lo fa con <strong>un ruolo diverso<\/strong> da quello di allenatore ricoperto in passato e, per quanto lo riguarda, inedito.<\/p>\n<p>Ecco la nota con cui la societ\u00e0 chiarisce la scelta: &#8220;Con l&#8217;addio (scusate, l&#8217;arrivederci) di Nicola e la necessit\u00e0 di alcuni dirigenti storici di tirare un po&#8217; il fiato<strong>, \u00e8 emersa in modo chiaro l&#8217;esigenza di identificare un nuovo punto di riferimento, una figura con forte leadership in grado di organizzare e coordinare tutte le attivit\u00e0 della societ\u00e0,<\/strong> valorizzando la passione e le competenze specifiche di ciascun dirigente. Ci siamo rivolti a Massimiliano chiedendogli di ricoprire tale ruolo e con grande soddisfazione abbiamo accolto la sua disponibilit\u00e0 ad accettare la sfida&#8221;.<\/p>\n<p><strong>Massimiliano non andr\u00e0 quindi soltanto a sostituire Nicola nel ruolo di direttore sportivo ma avr\u00e0 un mandato pi\u00f9 ampio di guida e supervisione della societ\u00e0 a 360 gradi.<\/strong><\/p>\n<p>&#8220;Il mandato parte ufficialmente da ora &#8211; dicono i dirigenti albenganesi -. <strong>Siamo pronti e motivati per metterci alle spalle questo periodo cos\u00ec buio e complicato e guardare con fiducia alla nuova stagione!<\/strong>&#8220;.<\/p>\n<div class=\"single-img-content-container fullwidth-single shortcode standard\">\n    <div class=\"image_container\" style=\"text-align: center;\">\n        <picture class=\" lazyload\"><img loading=\"lazy\" class=\"lazy\" data-srcset=\"https:\/\/www.ivg.it\/photogallery_new\/images\/2020\/05\/massimiliano-grassadonio-627251.jpg 1024w, https:\/\/www.ivg.it\/photogallery_new\/images\/2020\/05\/massimiliano-grassadonio-627251.jpg 970w, https:\/\/www.ivg.it\/photogallery_new\/images\/2020\/05\/massimiliano-grassadonio-627251.jpg 660w, https:\/\/www.ivg.it\/photogallery_new\/images\/2020\/05\/massimiliano-grassadonio-627251.jpg 316w, https:\/\/www.ivg.it\/photogallery_new\/images\/2020\/05\/massimiliano-grassadonio-627251.jpg 150w\"  data-src=\"https:\/\/www.ivg.it\/photogallery_new\/images\/2020\/05\/massimiliano-grassadonio-627251.jpg\" alt=\"Massimiliano Grassadonio\" \/><\/picture>\r\n\n    <\/div>\n    <\/div>\n\n<p>.<\/p>\n","protected":false},"excerpt":{"rendered":"<p>L&#8217;ex allenatore avr\u00e0 il compito di organizzare e coordinare tutte le attivit\u00e0 della societ\u00e0<\/p>\n","protected":false},"author":18,"featured_media":0,"comment_status":"open","ping_status":"closed","sticky":false,"template":"","format":"standard","meta":{"footnotes":""},"categories":[45296,399,134,32],"tags":[3999,85997,2066],"class_list":["post-497247","post","type-post","status-publish","format-standard","hentry","category-copertina","category-pallavolo","category-rank","category-sport","tag-albenga-volley","tag-pallavolo","tag-serie-c","post_cat_citta-albenga","post_tag_personaggi-massimiliano-grassadonio"],"amp_validity":null,"amp_enabled":true,"_links":{"self":[{"href":"https:\/\/staging.ivg.it\/ediapi\/wp\/v2\/posts\/497247","targetHints":{"allow":["GET"]}}],"collection":[{"href":"https:\/\/staging.ivg.it\/ediapi\/wp\/v2\/posts"}],"about":[{"href":"https:\/\/staging.ivg.it\/ediapi\/wp\/v2\/types\/post"}],"author":[{"embeddable":true,"href":"https:\/\/staging.ivg.it\/ediapi\/wp\/v2\/users\/18"}],"replies":[{"embeddable":true,"href":"https:\/\/staging.ivg.it\/ediapi\/wp\/v2\/comments?post=497247"}],"version-history":[{"count":0,"href":"https:\/\/staging.ivg.it\/ediapi\/wp\/v2\/posts\/497247\/revisions"}],"wp:attachment":[{"href":"https:\/\/staging.ivg.it\/ediapi\/wp\/v2\/media?parent=497247"}],"wp:term":[{"taxonomy":"category","embeddable":true,"href":"https:\/\/staging.ivg.it\/ediapi\/wp\/v2\/categories?post=497247"},{"taxonomy":"post_tag","embeddable":true,"href":"https:\/\/staging.ivg.it\/ediapi\/wp\/v2\/tags?post=497247"}],"curies":[{"name":"wp","href":"https:\/\/api.w.org\/{rel}","templated":true}]}}