{"id":497165,"date":"2020-05-18T09:44:46","date_gmt":"2020-05-18T07:44:46","guid":{"rendered":"http:\/\/www.ivg.it\/?p=497165"},"modified":"2020-05-18T09:44:46","modified_gmt":"2020-05-18T07:44:46","slug":"spiagge-e-fase-2-bruno-europa-verde-2020-anno-della-svolta-nella-gestione-turistica","status":"publish","type":"post","link":"https:\/\/staging.ivg.it\/2020\/05\/spiagge-e-fase-2-bruno-europa-verde-2020-anno-della-svolta-nella-gestione-turistica\/","title":{"rendered":"Spiagge e Fase 2, Bruno (Europa Verde): &#8220;2020 anno della svolta nella gestione turistica&#8221;"},"content":{"rendered":"<p>In queste ore la disastrosa destra di governo ligure sta cercando di aprire le spiagge.<\/p>\n<p>Noi Verdi non intendiamo polemizzare con nessuno ma fare solo alcune proposte operative, che vogliamo sottoporre al pubblico confronto, consci e consce che possano un contributo ad un problema: l&#8217;accesso al mare,che \u00e8 di interesse strategico per l&#8217;intera comunit\u00e0 regionale.<\/p>\n<p>Noi crediamo che il 2020 debba essere l&#8217;anno di profondi cambiamenti nella gestione turistica e del mare della Liguria per cui in primo luogo poniamo due problemi senza in quali possiamo litigare quanto si vuole sull&#8217;accesso alle spiagge ma in quali condizioni \u00e8 il nostro mare,situato nell&#8217;ambito del Pelagos-Santuario dei Cetacei?<\/p>\n<p>Noi crediamo che in primo luogo non sia piu&#8217; tollerabile che il mare ligure non sia pulito e che soprattutto esistano ancora comuni privi di impianti adeguati di depurazione: Alassio in primis seguita dall&#8217;intero Tigullio,giusto per rammentare localit\u00e0 turistiche di fama internazionale e chiss\u00e0 perche&#8217; i &#8220;famosi commissari invocati per le opere pubbliche&#8221; non vengono chiesti per degli interventi urgenti e ormai indispensabili?<\/p>\n<p>In secondo luogo riteniamo che esista un serio problema di erosione costiera,che va in primo luogo inquadrato nella lotta al cambiamento climatico ma poi va visto nel dire un secco no alla cementificazione costiera e soprattutto ad inutili opere portuali turistiche e non solo (Vado Ligure), fatte soprattutto in spregio alle correnti e alla normale dinamica del mare .<\/p>\n<p>Bisogna poi interrogarsi su una regione,che lascia solo il 30% del proprio assetto costiero alla libera balneazione per chiedere alla Regione perche&#8217; ha concluso un protocollo con gli stabilimenti balneari e non ha risposto ai comuni sulla gestione delle spiagge libere?<\/p>\n<p>Qui bisogna ribadire che il demanio costiero \u00e8 un bene pubblico e che occorrer\u00e0 giungere ad una corretta regolamentazione dei tratti di arenili in concessione,che,in quanto tali,sono sottoposti a scadenza e non sono ceduti ad perpetuum.<\/p>\n<p>Si potrebbe infatti in tale caso arrivare ad una soluzione come era stato prospettato per il commercio ambulante (sette anni di concessione + altri sette di rinnovo) per poi bandire le relative gare per cui la concessione \u00e8 sempre cedibile e non diminuisce il valore aggiunto di impresa.<\/p>\n<p>Nel contempo per\u00f2 noi Verdi vorremmo sempre rendere agibile il passaggio e l&#8217;accesso al mare e alle spiagge libere,di cui dovr\u00e0 aumentare il numero, con criteri individuati dai comuni.<\/p>\n<p>Noi vogliamo porre all&#8217;attenzione l&#8217;esperienza savonese dello &#8220;Scaletto senza scalini&#8221; dove la cooperativa oltremare \u00e8 riuscita negli anni a garantire l&#8217;accesso al mare ai disabili e a garantire,oltre a posti di lavoro,il controllo e la pulizia di un lungo tratto di spiaggia libera.<\/p>\n<p>Perche&#8217; una simile attivit\u00e0 sociale,gi\u00e0 estesa ad altri comuni,non pu\u00f2 essere portata ad esempio in tutta la Liguria?Perche&#8217; il sostegno alla balneazione dei disabili non pu\u00f2 affiancare il controllo degli accessi,la eventuale prenotazione tramite app e lo spostamento delle persone?Perche&#8217; occorrerebbe pagare,secondo il duo Toti-Scajola, per accedere ad un bene pubblico come la spiaggia quando con una attivit\u00e0 di rilevanza sociale e un modesto contributo pubblico si potrebbe realizzare una esperienza di grande valore sociale ed umanitario?<\/p>\n<p>Ci spieghi Sig. Presidente della Regione,sempre prodigo di affermazioni ma sempre silente sui programmi di interesse collettivo.<\/p>\n<p>Danilo Bruno (Europa Verde Liguria)<\/p>\n","protected":false},"excerpt":{"rendered":"<p>&#8220;Crediamo che in primo luogo non sia pi\u00f9 tollerabile che il mare ligure non sia pulito&#8221;<\/p>\n","protected":false},"author":17962,"featured_media":0,"comment_status":"open","ping_status":"closed","sticky":false,"template":"","format":"standard","meta":{"footnotes":""},"categories":[120,31],"tags":[107484,113224,9791],"class_list":["post-497165","post","type-post","status-publish","format-standard","hentry","category-lettere","category-politica","tag-europa-verde","tag-ripartenza","tag-spiagge","post_cat_citta-savona","post_tag_personaggi-danilo-bruno"],"amp_validity":null,"amp_enabled":true,"_links":{"self":[{"href":"https:\/\/staging.ivg.it\/ediapi\/wp\/v2\/posts\/497165","targetHints":{"allow":["GET"]}}],"collection":[{"href":"https:\/\/staging.ivg.it\/ediapi\/wp\/v2\/posts"}],"about":[{"href":"https:\/\/staging.ivg.it\/ediapi\/wp\/v2\/types\/post"}],"author":[{"embeddable":true,"href":"https:\/\/staging.ivg.it\/ediapi\/wp\/v2\/users\/17962"}],"replies":[{"embeddable":true,"href":"https:\/\/staging.ivg.it\/ediapi\/wp\/v2\/comments?post=497165"}],"version-history":[{"count":0,"href":"https:\/\/staging.ivg.it\/ediapi\/wp\/v2\/posts\/497165\/revisions"}],"wp:attachment":[{"href":"https:\/\/staging.ivg.it\/ediapi\/wp\/v2\/media?parent=497165"}],"wp:term":[{"taxonomy":"category","embeddable":true,"href":"https:\/\/staging.ivg.it\/ediapi\/wp\/v2\/categories?post=497165"},{"taxonomy":"post_tag","embeddable":true,"href":"https:\/\/staging.ivg.it\/ediapi\/wp\/v2\/tags?post=497165"}],"curies":[{"name":"wp","href":"https:\/\/api.w.org\/{rel}","templated":true}]}}