{"id":496822,"date":"2020-05-12T17:43:35","date_gmt":"2020-05-12T15:43:35","guid":{"rendered":"http:\/\/www.ivg.it\/?p=496822"},"modified":"2020-05-12T17:43:35","modified_gmt":"2020-05-12T15:43:35","slug":"sibilia-lnd-sara-quasi-impossibile-riprendere-i-campionati","status":"publish","type":"post","link":"https:\/\/staging.ivg.it\/2020\/05\/sibilia-lnd-sara-quasi-impossibile-riprendere-i-campionati\/","title":{"rendered":"Sibilia (Lnd): &#8220;Sar\u00e0 quasi impossibile riprendere i campionati&#8221;"},"content":{"rendered":"<p>Purtroppo sembra arrivata la preannunciata parola fine alla ripresa dei campionati dilettantistici, dalla Serie D alla Terza Categoria. In un&#8217;intervista rilasciata al quotidiano L&#8217;Unione Sarda, il presidente della LND Cosimo Sibilia si \u00e8 detto molto pessimista sulla possibilit\u00e0 di concludere la stagione e la sensazione \u00e8 che la chiusura definitiva e ufficiale sia imminente.<\/p>\n<p>&#8220;Ho sempre detto che c&#8217;era la speranza di concludere i campionati, senza nascondere le difficolt\u00e0. Il tempo sta passando inesorabilmente e credo sia quasi impossibile riprendere per i dilettanti &#8211; ha detto Sibilia ai colleghi sardi -. La Lnd far\u00e0 la sua parte, l&#8217;attenzione ai territori \u00e8 sempre massima. Mi auguro che non ci siano una valanga di ricorsi, gli stessi che ci chiedevano di concludere la stagione ora minacciano azioni nei tribunali e propongono alchimie strane per la conclusione della stagione o per la ripartenza&#8221;.<\/p>\n<p>Riguardo alla crisi del settore e all&#8217;arrivo di fondi per 400 milioni per il settore Sibilia \u00e8 apparso speranzoso. &#8220;Visti i nostri numeri importanti penso che sia destinata una buona fetta a noi&#8221;. Alcune societ\u00e0, nel frattempo, sono pronte a passare alle vie legali. E i fondi di 400 milioni di euro messi a disposizione dal Governo andranno probabilmente in larga parte proprio al mondo del calcio dilettante. Si attende un prossimo Consiglio Federale a cui parlare della questione.<\/p>\n","protected":false},"excerpt":{"rendered":"<p>Lo speciale del ct Vaniglia<\/p>\n","protected":false},"author":18,"featured_media":0,"comment_status":"open","ping_status":"closed","sticky":false,"template":"","format":"standard","meta":{"footnotes":""},"categories":[45296,182,32],"tags":[85989,5327,58119],"class_list":["post-496822","post","type-post","status-publish","format-standard","hentry","category-copertina","category-calcio","category-sport","tag-calcio","tag-calcio-giovanile","tag-speciale-settore-giovanile","post_tag_personaggi-felicino-vaniglia"],"amp_validity":null,"amp_enabled":true,"_links":{"self":[{"href":"https:\/\/staging.ivg.it\/ediapi\/wp\/v2\/posts\/496822","targetHints":{"allow":["GET"]}}],"collection":[{"href":"https:\/\/staging.ivg.it\/ediapi\/wp\/v2\/posts"}],"about":[{"href":"https:\/\/staging.ivg.it\/ediapi\/wp\/v2\/types\/post"}],"author":[{"embeddable":true,"href":"https:\/\/staging.ivg.it\/ediapi\/wp\/v2\/users\/18"}],"replies":[{"embeddable":true,"href":"https:\/\/staging.ivg.it\/ediapi\/wp\/v2\/comments?post=496822"}],"version-history":[{"count":0,"href":"https:\/\/staging.ivg.it\/ediapi\/wp\/v2\/posts\/496822\/revisions"}],"wp:attachment":[{"href":"https:\/\/staging.ivg.it\/ediapi\/wp\/v2\/media?parent=496822"}],"wp:term":[{"taxonomy":"category","embeddable":true,"href":"https:\/\/staging.ivg.it\/ediapi\/wp\/v2\/categories?post=496822"},{"taxonomy":"post_tag","embeddable":true,"href":"https:\/\/staging.ivg.it\/ediapi\/wp\/v2\/tags?post=496822"}],"curies":[{"name":"wp","href":"https:\/\/api.w.org\/{rel}","templated":true}]}}