{"id":496793,"date":"2020-05-12T14:12:29","date_gmt":"2020-05-12T12:12:29","guid":{"rendered":"http:\/\/www.ivg.it\/?p=496793"},"modified":"2020-05-12T14:12:29","modified_gmt":"2020-05-12T12:12:29","slug":"coronavirus-attac-savona-scrive-agli-amministratori-del-territorio-difendiamo-i-nostri-comuni","status":"publish","type":"post","link":"https:\/\/staging.ivg.it\/2020\/05\/coronavirus-attac-savona-scrive-agli-amministratori-del-territorio-difendiamo-i-nostri-comuni\/","title":{"rendered":"Coronavirus, Attac Savona scrive agli amministratori del territorio: &#8220;Difendiamo i nostri Comuni&#8221;"},"content":{"rendered":"<p><strong>Provincia<\/strong>. In questi giorni il comitato territoriale di Attac Italia, Attac Savona, ha inviato ai sindaci, agli assessori e ai consiglieri comunali della nostra provincia una proposta di deliberazione consigliare \u201cper affrontare il problema della difficilissima situazione finanziaria degli Enti Locali, gi\u00e0 messa a dura prova da decenni di politiche di austerit\u00e0 e ora resa ancor pi\u00f9 drammatica dalle misure adottate per contrastare l&#8217;emergenza sanitaria, sociale ed economica, provocata dall&#8217;epidemia da Covid-19\u201d.<\/p>\n<p>La proposta, dal titolo \u201cDifendiamo i nostri Comuni\u201d chiede \u201cai nostri amministratori di discutere, condividere, approvare tale deliberazione e di concordare con altri Enti Locali del territorio, e non solo, un\u2019azione nei confronti del governo per: la sospensione del patto di stabilit\u00e0 interno e del pareggio di bilancio per i Comuni, analogamente a quanto fatto dall&#8217;Ue per gli Stati; l&#8217;approvazione del decreto attuativo dell&#8217;art. 39 del DL 162\/2019, convertito nella Legge n. 8\/2020 , che prevede l&#8217;accollo allo Stato dei mutui in essere con Cassa Depositi e Prestiti, al fine di ridurne drasticamente i tassi di interesse\u201d.<\/p>\n<p>Ancora, si chiede agli amministratori \u201cdi opporsi alla proposta di rinegoziazione dei mutui fatta da Cassa Depositi e Prestiti (si tratta di un semplice procrastinamento nel tempo del pagamento, con relativo aumento degli interessi) e di rivendicare per il biennio 2020-2021 mutui a tasso zero per gli investimenti dei Comuni; di annullare tutti i debiti dovuti a derivati; e) l&#8217;apertura del Fondo nazionale di solidariet\u00e0 per i Comuni (sulla base dell&#8217;attuale Fondo di solidariet\u00e0 comunale) per garantire a tutti i Comuni le risorse necessarie per l&#8217;emergenza economica e il riavvio delle comunit\u00e0 locali\u201d.<\/p>\n<p><a href=\"http:\/\/www.ivg.it\/wp-content\/uploads\/2020\/05\/lettera-di-presentazione-odg-enti-locali-2.pdf\">Qui<\/a> la lettera inviata agli amministratori savonesi e <a href=\"http:\/\/www.ivg.it\/wp-content\/uploads\/2020\/05\/proposta-odg-per-i-Consigli-Comunali.pdf\">qui<\/a> la proposta di deliberazione.<\/p>\n","protected":false},"excerpt":{"rendered":"<p>Inviata una proposta di deliberazione &#8220;per affrontare il problema della difficilissima situazione finanziaria degli Enti Locali&#8221;<\/p>\n","protected":false},"author":12120,"featured_media":0,"comment_status":"open","ping_status":"closed","sticky":false,"template":"","format":"standard","meta":{"footnotes":""},"categories":[35,31],"tags":[111891],"class_list":["post-496793","post","type-post","status-publish","format-standard","hentry","category-economia","category-politica","tag-coronavirus"],"amp_validity":null,"amp_enabled":true,"_links":{"self":[{"href":"https:\/\/staging.ivg.it\/ediapi\/wp\/v2\/posts\/496793","targetHints":{"allow":["GET"]}}],"collection":[{"href":"https:\/\/staging.ivg.it\/ediapi\/wp\/v2\/posts"}],"about":[{"href":"https:\/\/staging.ivg.it\/ediapi\/wp\/v2\/types\/post"}],"author":[{"embeddable":true,"href":"https:\/\/staging.ivg.it\/ediapi\/wp\/v2\/users\/12120"}],"replies":[{"embeddable":true,"href":"https:\/\/staging.ivg.it\/ediapi\/wp\/v2\/comments?post=496793"}],"version-history":[{"count":0,"href":"https:\/\/staging.ivg.it\/ediapi\/wp\/v2\/posts\/496793\/revisions"}],"wp:attachment":[{"href":"https:\/\/staging.ivg.it\/ediapi\/wp\/v2\/media?parent=496793"}],"wp:term":[{"taxonomy":"category","embeddable":true,"href":"https:\/\/staging.ivg.it\/ediapi\/wp\/v2\/categories?post=496793"},{"taxonomy":"post_tag","embeddable":true,"href":"https:\/\/staging.ivg.it\/ediapi\/wp\/v2\/tags?post=496793"}],"curies":[{"name":"wp","href":"https:\/\/api.w.org\/{rel}","templated":true}]}}