{"id":496791,"date":"2020-05-12T13:56:02","date_gmt":"2020-05-12T11:56:02","guid":{"rendered":"http:\/\/www.ivg.it\/?p=496791"},"modified":"2020-05-12T13:59:23","modified_gmt":"2020-05-12T11:59:23","slug":"gia-1200-euro-per-mido-un-mese-dopo-lincendio-che-ha-devastato-la-sua-pizzeria-a-vado-ligure","status":"publish","type":"post","link":"https:\/\/staging.ivg.it\/2020\/05\/gia-1200-euro-per-mido-un-mese-dopo-lincendio-che-ha-devastato-la-sua-pizzeria-a-vado-ligure\/","title":{"rendered":"Gi\u00e0 1200 euro per Mido, un mese dopo l&#8217;incendio che ha devastato la sua pizzeria a Vado Ligure"},"content":{"rendered":"<p><strong>Vado Ligure.<\/strong> Il suo locale \u00e8 stato <strong>devastato dalle fiamme<\/strong> di <a href=\"https:\/\/www.ivg.it\/2020\/04\/locale-senza-assicurazione-devastato-da-incendio-a-vado-gara-di-solidarieta-per-aiutare-mido\/\">un incendio all&#8217;inizio di aprile<\/a>. Un durissimo colpo per il titolare, non essendo nemmeno assicurato contro questo genere di situazioni. Ma per una volta la storia ha un lieto fine: <strong>per &#8220;Mido&#8221;<\/strong>,\u00a0ragazzo italo-egiziano proprietario di una piccola pizzeria da asporto situata sulla via Aurelia, a Vado Ligure, il Monsieur Mido 14, <strong>\u00e8 partita una gara di solidariet\u00e0<\/strong> che ha portato a un piccolo, grande miracolo.<\/p>\n<p>Per aiutare El Shorbagy Ihab Ahmed Hassan (questo il vero nome di Mido), alcuni commercianti avevano infatti dato vita a una raccolta fondi. Che ha avuto esito positivo: sono stati <strong>raccolti circa 1200 euro<\/strong>. &#8220;Sono stati momenti difficili &#8211; racconta Paola Poggio, negoziante che sin dall&#8217;inizio si era impegnata in prima persona per la causa di Mido &#8211; lo sconforto, la paura del domani, la disperazione per aver perso tutto&#8230; e poi il miracolo! \u00c8 bastato un appello, e voi avete aiutato! Pi\u00f9 di 200 condivisioni e tante, tantissime piccole donazioni&#8221;. E non solo: &#8220;Tanti hanno offerto gratuitamente la loro manodopera e professionalit\u00e0. L&#8217;architetto, il cartongessista, e tanti conoscenti si sono semplicemente presentati al locale dicendo: Eccomi sono qui, ti aiuto io&#8221;.<\/p>\n<p>\u201c\u00c8 venuto in Italia da piccolo, con suo pap\u00e0 che faceva lo chef &#8211; aveva raccontato un mese fa &#8211; \u00e8 una brava persona, un lavoratore, un padre di famiglia. Quando l&#8217;ho incontrato, <strong>un metro e novanta di uomo che aveva appena perso tutto<\/strong>, gli ho chiesto il suo IBAN. <strong>Volevo fargli un bonifico<\/strong>. E sapete come ha reagito? Me l&#8217;ha negato. E <strong>ha pianto. Non voleva<\/strong>\u201d.<\/p>\n<p>&#8220;Se la prima volta sono state lacrime di rabbia, <strong>oggi sono lacrime di gioia<\/strong> &#8211; prosegue la titolare de La Dolce Vita &#8211; Vorrei ringraziare ad uno ad uno tutti quelli che hanno contribuito, e che ancora stanno aiutando, perch\u00e9 c&#8217;\u00e8 ancora parecchio da fare. Eppure <strong>tanti hanno aiutato in modo disinteressato, senza conoscere Mido e senza conoscere me<\/strong>. Solo per altruismo ed empatia. Vorrei abbracciarvi uno ad uno, davvero&#8221;.<\/p>\n<p>&#8220;Molto \u00e9 stato fatto grazie a voi, e <strong>molto c&#8217;\u00e8 ancora da fare, ma finalmente oggi ho visto un sorriso sul faccione di Mido<\/strong> &#8211; conclude &#8211; Io gli do ancora una piccola mano, e forse tra un mesetto riuscir\u00e0 a riaprire quella piccola pizzeria d&#8217;asporto che \u00e9 tutto per lui&#8221;.\u00a0Di seguito l\u2019Iban per chi volesse contribuire: IT04P0306910600100000066691 intestato a El Shorbagy Ihab Ahmed Hassan.<\/p>\n","protected":false},"excerpt":{"rendered":"<p>Tutti i commercianti stanno cercando di dare una mano al ragazzo italo-egiziano<\/p>\n","protected":false},"author":10593,"featured_media":0,"comment_status":"open","ping_status":"closed","sticky":false,"template":"","format":"standard","meta":{"footnotes":""},"categories":[45296,34],"tags":[423,4309,798],"class_list":["post-496791","post","type-post","status-publish","format-standard","hentry","category-copertina","category-cronaca","tag-incendio","tag-raccolta-fondi","tag-solidarieta","post_cat_citta-vado-ligure"],"amp_validity":null,"amp_enabled":true,"_links":{"self":[{"href":"https:\/\/staging.ivg.it\/ediapi\/wp\/v2\/posts\/496791","targetHints":{"allow":["GET"]}}],"collection":[{"href":"https:\/\/staging.ivg.it\/ediapi\/wp\/v2\/posts"}],"about":[{"href":"https:\/\/staging.ivg.it\/ediapi\/wp\/v2\/types\/post"}],"author":[{"embeddable":true,"href":"https:\/\/staging.ivg.it\/ediapi\/wp\/v2\/users\/10593"}],"replies":[{"embeddable":true,"href":"https:\/\/staging.ivg.it\/ediapi\/wp\/v2\/comments?post=496791"}],"version-history":[{"count":0,"href":"https:\/\/staging.ivg.it\/ediapi\/wp\/v2\/posts\/496791\/revisions"}],"wp:attachment":[{"href":"https:\/\/staging.ivg.it\/ediapi\/wp\/v2\/media?parent=496791"}],"wp:term":[{"taxonomy":"category","embeddable":true,"href":"https:\/\/staging.ivg.it\/ediapi\/wp\/v2\/categories?post=496791"},{"taxonomy":"post_tag","embeddable":true,"href":"https:\/\/staging.ivg.it\/ediapi\/wp\/v2\/tags?post=496791"}],"curies":[{"name":"wp","href":"https:\/\/api.w.org\/{rel}","templated":true}]}}