{"id":49650,"date":"2009-02-10T11:56:57","date_gmt":"2009-02-10T10:56:57","guid":{"rendered":"http:\/\/www.ivg.it\/2009\/02\/10\/loano-il-sindaco-ringrazia-l%e2%80%99associazione-nazionale-carabinieri\/"},"modified":"2009-02-10T16:58:15","modified_gmt":"2009-02-10T15:58:15","slug":"loano-il-sindaco-ringrazia-l%e2%80%99associazione-nazionale-carabinieri","status":"publish","type":"post","link":"https:\/\/staging.ivg.it\/2009\/02\/loano-il-sindaco-ringrazia-l%e2%80%99associazione-nazionale-carabinieri\/","title":{"rendered":"Loano, il sindaco ringrazia l&#8217;Associazione Nazionale Carabinieri"},"content":{"rendered":"<p><strong>[thumb:10526:l]Loano<\/strong>. Il sindaco di Loano, Angelo Vaccarezza, alla presenza del senatore Franco Orsi, dell&#8217;assessore alla sicurezza Giacomo Piccinini, dell&#8217;assessore alla protezione civile Remo Zaccaria e del comandante della polizia municipale Gainluigi Soro, ha ringraziato l&#8217;Associazione Nazionale Carabinieri di Loano per le attivit\u00e0 di volontariato e di protezione civile svolte sul territorio comunale.<\/p>\n<p>Il sindaco ha donato, in segno di ringraziamento, al presidente della Sezione A.N.C. di Loano, Fulvio Panizza, il quadro delle Autorit\u00e0 che era posizionato, nei primi anni Sessanta, nella prima stazione dei carabinieri di Loano, sita in allora in via Cesarea. Si tratta del quadro dove venivano scritte le cariche civili e militari dello Stato, a partire da quelle centrali sino a quelli locali, aggiornato a seconda degli avvicendamenti dei responsabili con la sostituzione di apposite fustelle.<\/p>\n<p>&#8220;La Sezione di Loano dell&#8217;A.N.C. &#8211; dice il Sindaco di Loano, Angelo Vaccarezza &#8211; nel corso dell&#8217;anno scolastico 2007-08 si \u00e8 impegnata con alcuni volontari per compiti di assistenza alle scuole Milanesi di via Bergamo. I soci, nella divisa rosso\/blu del volontariato che li contraddistingue, hanno svolto compiti di osservazione e di assistenza per i ragazzi delle scuole elementari e medie. Si tratta di un&#8217;attivit\u00e0 di prevenzione nei confronti di atti di bullismo, vandalismo e molestie ma anche di assistenza ai ragazzi nel caso in cui qualche genitore tardasse. I volontari sono in contatto radio con il Comando P.M. ai fini di segnalare le situazioni problematiche, il loro compito \u00e8 infatti solo di &#8216;intercettazione&#8217; delle situazioni potenzialmente pericolose per gli allievi e di segnalazione alle forze di polizia&#8221;.<\/p>\n<p>La Sezione A.N.C. di Loano da diversi anni si \u00e8 inserita nel programma di &#8220;polizia di prossimit\u00e0&#8221; realizzato dal comando polizia municipale di Loano, svolgendo attivit\u00e0 di volontariato nel programma di educazione stradale (lezioni sul bullismo, lezioni di sicurezza stradale, collaborazione nella gara Giocando s&#8217;impara), attivit\u00e0 di protezione civile con compiti di osservazione e assistenza agli alunni delle scuole, volontariato nelle manifestazioni (raduno confraternite, corsa ciclistica Gran fondo, cosa podistica Giro delle Mura, Giornate dello sport).<\/p>\n<p>[image:10526:r]La cerimonia di ringraziamento si \u00e8 svolta nell&#8217;atrio del Comune di Loano e, in tale occasione, \u00e8 stata presentata alla cittadinanza l&#8217;autovettura Daihatzu Feroza che la Sezione di Loano, in condivisione con la Sezione di Finale Ligure, utilizza per i servizi. La Sezione A.N.C. di Loano collabora da diversi anni con la Sezione A.N.C. di Finale e, le due sezioni, sono diventate le referenti della protezione civile dell&#8217;Associazione Naz. Carabinieri per la provincia di Savona. I soci della Sezione A.N.C. di Loano sono 130, e di questi 17 sono iscritti alla protezione civile.<\/p>\n<p>&#8220;Anche per il 2009 &#8211; dice l&#8217;assessore Giacomo Piccinini &#8211; ripeteremo l&#8217;esperienza di collaborazione con la Sezione A.N.C. loanese, che ha incontrato il favore della cittadinanza. Saranno impegnati nell&#8217;osservazione e assistenza alle scuole, collaboreranno al programma di educazione stradale e faranno volontariato per la Festa dello Sport e per alcune manifestazioni sportive. Inoltre \u00e8 intenzione del comando P.M. di coinvolgere i volontari dell&#8217;A.N.C. in compiti di osservazione e di assistenza nei parchi cittadini ai fini di garantire una presenza qualificata che scoraggi comportamenti incivili (cani liberi, danneggiamenti, ecc.) ma anche che sia una figura di riferimento per i fruitori delle aree verdi&#8221;.<\/p>\n","protected":false},"excerpt":{"rendered":"<p>[thumb:10526:l]Loano. Il sindaco di Loano, Angelo Vaccarezza, alla presenza del senatore Franco Orsi, dell&#8217;assessore alla sicurezza Giacomo Piccinini, dell&#8217;assessore alla protezione civile Remo Zaccaria e del comandante della polizia municipale Gainluigi Soro, ha ringraziato l&#8217;Associazione Nazionale Carabinieri di Loano per le attivit\u00e0 di volontariato e di protezione civile svolte sul territorio comunale. Il sindaco ha [&hellip;]<\/p>\n","protected":false},"author":13744,"featured_media":0,"comment_status":"open","ping_status":"closed","sticky":false,"template":"","format":"standard","meta":{"footnotes":""},"categories":[],"tags":[3742,5083,228,183,1972],"class_list":["post-49650","post","type-post","status-publish","format-standard","hentry","tag-anc","tag-associazione-nazionale-carabinieri","tag-carabinieri","tag-sicurezza","tag-volontariato","post_cat_citta-loano"],"amp_validity":null,"amp_enabled":true,"_links":{"self":[{"href":"https:\/\/staging.ivg.it\/ediapi\/wp\/v2\/posts\/49650","targetHints":{"allow":["GET"]}}],"collection":[{"href":"https:\/\/staging.ivg.it\/ediapi\/wp\/v2\/posts"}],"about":[{"href":"https:\/\/staging.ivg.it\/ediapi\/wp\/v2\/types\/post"}],"author":[{"embeddable":true,"href":"https:\/\/staging.ivg.it\/ediapi\/wp\/v2\/users\/13744"}],"replies":[{"embeddable":true,"href":"https:\/\/staging.ivg.it\/ediapi\/wp\/v2\/comments?post=49650"}],"version-history":[{"count":0,"href":"https:\/\/staging.ivg.it\/ediapi\/wp\/v2\/posts\/49650\/revisions"}],"wp:attachment":[{"href":"https:\/\/staging.ivg.it\/ediapi\/wp\/v2\/media?parent=49650"}],"wp:term":[{"taxonomy":"category","embeddable":true,"href":"https:\/\/staging.ivg.it\/ediapi\/wp\/v2\/categories?post=49650"},{"taxonomy":"post_tag","embeddable":true,"href":"https:\/\/staging.ivg.it\/ediapi\/wp\/v2\/tags?post=49650"}],"curies":[{"name":"wp","href":"https:\/\/api.w.org\/{rel}","templated":true}]}}