{"id":496430,"date":"2020-05-07T12:56:50","date_gmt":"2020-05-07T10:56:50","guid":{"rendered":"http:\/\/www.ivg.it\/?p=496430"},"modified":"2020-05-07T15:00:32","modified_gmt":"2020-05-07T13:00:32","slug":"tenta-il-suicidio-con-un-coltello-salvato-in-extremis-e-grave","status":"publish","type":"post","link":"https:\/\/staging.ivg.it\/2020\/05\/tenta-il-suicidio-con-un-coltello-salvato-in-extremis-e-grave\/","title":{"rendered":"Tenta il suicidio con un coltello, salvato in extremis: \u00e8 grave"},"content":{"rendered":"<p><strong>Quiliano.<\/strong> Si \u00e8 nascosto dietro ad una siepe, non lontano dal palazzetto dello Sport di Quiliano in piazza della Costituzione. In seguito coltello alla mano ha cercato di tagliarsi le vene e si \u00e8 conficcato l&#8217;arma da taglio all&#8217;addome. E&#8217; successo questa mattina, poco dopo le 11 e 30.<\/p>\n<p>Un uomo di 70 anni, che da tempo soffre di crisi depressive, ha cos\u00ec tentato di farla finita. L&#8217;anziano \u00e8 stato per\u00f2 notato in una pozza di sangue, facendo scattare l&#8217;allarme: all&#8217;inizio si pensava si trattasse di una feroce aggressione, successivamente \u00e8 stata accertata l&#8217;esatta dinamica dei fatti.<\/p>\n<p>Sul posto sono intervenuti i militi della Croce Rossa di Vado Ligure e l&#8217;automedica del 118, oltre ad una pattuglia dei carabinieri che hanno ricostruito l&#8217;episodio. Il 70enne \u00e8 stato soccorso e dopo le prime cure da parte dei sanitari \u00e8 stato trasportato d&#8217;urgenza all&#8217;ospedale Santa Corona di Pietra Ligure.<\/p>\n<p>Stando a quanto riferito le sue condizioni sono stabili, tuttavia resta grave e in pericolo di vita per le ferite autoprodotte e per una importante perdita di sangue. Sar\u00e0 sottoposto ad un intervento chirurgico.<\/p>\n","protected":false},"excerpt":{"rendered":"<p>E&#8217; successo questa mattina a Quiliano, intervento dei sanitari e dei carabinieri<\/p>\n","protected":false},"author":4,"featured_media":0,"comment_status":"open","ping_status":"closed","sticky":false,"template":"","format":"standard","meta":{"footnotes":""},"categories":[45296,34],"tags":[678,228,68980,404],"class_list":["post-496430","post","type-post","status-publish","format-standard","hentry","category-copertina","category-cronaca","tag-678","tag-carabinieri","tag-croce-rossa-vado-ligure","tag-tentato-suicidio","post_cat_citta-quiliano"],"amp_validity":null,"amp_enabled":true,"_links":{"self":[{"href":"https:\/\/staging.ivg.it\/ediapi\/wp\/v2\/posts\/496430","targetHints":{"allow":["GET"]}}],"collection":[{"href":"https:\/\/staging.ivg.it\/ediapi\/wp\/v2\/posts"}],"about":[{"href":"https:\/\/staging.ivg.it\/ediapi\/wp\/v2\/types\/post"}],"author":[{"embeddable":true,"href":"https:\/\/staging.ivg.it\/ediapi\/wp\/v2\/users\/4"}],"replies":[{"embeddable":true,"href":"https:\/\/staging.ivg.it\/ediapi\/wp\/v2\/comments?post=496430"}],"version-history":[{"count":0,"href":"https:\/\/staging.ivg.it\/ediapi\/wp\/v2\/posts\/496430\/revisions"}],"wp:attachment":[{"href":"https:\/\/staging.ivg.it\/ediapi\/wp\/v2\/media?parent=496430"}],"wp:term":[{"taxonomy":"category","embeddable":true,"href":"https:\/\/staging.ivg.it\/ediapi\/wp\/v2\/categories?post=496430"},{"taxonomy":"post_tag","embeddable":true,"href":"https:\/\/staging.ivg.it\/ediapi\/wp\/v2\/tags?post=496430"}],"curies":[{"name":"wp","href":"https:\/\/api.w.org\/{rel}","templated":true}]}}