{"id":496427,"date":"2020-05-07T12:31:22","date_gmt":"2020-05-07T10:31:22","guid":{"rendered":"http:\/\/www.ivg.it\/?p=496427"},"modified":"2020-05-07T12:31:22","modified_gmt":"2020-05-07T10:31:22","slug":"savona-la-banda-forzano-organizza-un-video-concerto-per-suonare-distanti-ma-uniti","status":"publish","type":"post","link":"https:\/\/staging.ivg.it\/2020\/05\/savona-la-banda-forzano-organizza-un-video-concerto-per-suonare-distanti-ma-uniti\/","title":{"rendered":"Savona, la Banda Forzano organizza un video-concerto per suonare &#8220;distanti, ma uniti&#8221;"},"content":{"rendered":"<p><strong>Savona<\/strong>. &#8220;La <strong>Banda Forzano<\/strong> da sempre accompagna gli eventi pi\u00f9 importanti del Comune di Savona: per questo motivo \u00e8<br \/>\ncon grande piacere che vi inoltro l&#8217;invito a partecipare, tramite Zoom, alla presentazione del video realizzato dalla banda&#8221;. A comunicarlo l&#8217;assessore alla cultura savonese\u00a0<strong>Doriana Rodino<\/strong>.<\/p>\n<p>&#8220;In questo difficile momento in cui la socialit\u00e0 limitata influenza anche l&#8217;attivit\u00e0 musicale della banda, in cui la socialit\u00e0 \u00e8 proprio sequenza importante del suo DNA, abbiamo pensato di trovare un sistema per ritrovarci, per <strong>continuare cocciutamente a suonare insieme, distanti ma uniti<\/strong> &#8211; commenta il presidente della Banda Forzano\u00a0<strong>Glauco Desalvo<\/strong>\u00a0&#8211; Da una suggestione, un po&#8217; comune in realt\u00e0, di sperimentare un&#8217;esecuzione virtuale, \u00e8 poi nata dal maestro Igor Barra l&#8217;idea di realizzare un <strong>video che potesse unire quaranta persone in una virtuale sala di musica<\/strong> ancora viva e piena di fermento musicale ed associativo&#8221;.<\/p>\n<p>&#8220;La <strong>colonna sonora di Game of Thrones<\/strong> \u00e8 parte storica del repertorio della junior Band Forzano &#8211; afferma Desalvo &#8211; ognuno dei componenti ha suonato a casa propria secondo le indicazioni del maestro. Un lavoro di missaggio audio unito a una fantastica associazione di immagini, il tutto fatto in casa Forzano, ha dato come risultato un video di cui, modestamente parlando, andiamo orgogliosi&#8221;.<\/p>\n<p>Per\u00a0accedere all&#8217;evento di<strong> sabato 9 maggio alle 11.30<\/strong> basta collegarsi tramite il seguente link:\u00a0 <a href=\"https:\/\/us04web.zoom.us\/j\/75873554230\">https:\/\/us04web.zoom.us\/j\/75873554230.<\/a><\/p>\n","protected":false},"excerpt":{"rendered":"<p>All&#8217;interno il link per collegarsi al concerto<\/p>\n","protected":false},"author":18838,"featured_media":0,"comment_status":"open","ping_status":"closed","sticky":false,"template":"","format":"standard","meta":{"footnotes":""},"categories":[45296,56],"tags":[30596,11309,620],"class_list":["post-496427","post","type-post","status-publish","format-standard","hentry","category-copertina","category-altre","tag-banda-forzano","tag-comune-di-savona","tag-concerti","post_cat_citta-savona","post_tag_personaggi-doriana-rodino","post_tag_personaggi-glauco-desalvo"],"amp_validity":null,"amp_enabled":true,"_links":{"self":[{"href":"https:\/\/staging.ivg.it\/ediapi\/wp\/v2\/posts\/496427","targetHints":{"allow":["GET"]}}],"collection":[{"href":"https:\/\/staging.ivg.it\/ediapi\/wp\/v2\/posts"}],"about":[{"href":"https:\/\/staging.ivg.it\/ediapi\/wp\/v2\/types\/post"}],"author":[{"embeddable":true,"href":"https:\/\/staging.ivg.it\/ediapi\/wp\/v2\/users\/18838"}],"replies":[{"embeddable":true,"href":"https:\/\/staging.ivg.it\/ediapi\/wp\/v2\/comments?post=496427"}],"version-history":[{"count":0,"href":"https:\/\/staging.ivg.it\/ediapi\/wp\/v2\/posts\/496427\/revisions"}],"wp:attachment":[{"href":"https:\/\/staging.ivg.it\/ediapi\/wp\/v2\/media?parent=496427"}],"wp:term":[{"taxonomy":"category","embeddable":true,"href":"https:\/\/staging.ivg.it\/ediapi\/wp\/v2\/categories?post=496427"},{"taxonomy":"post_tag","embeddable":true,"href":"https:\/\/staging.ivg.it\/ediapi\/wp\/v2\/tags?post=496427"}],"curies":[{"name":"wp","href":"https:\/\/api.w.org\/{rel}","templated":true}]}}