{"id":496400,"date":"2020-05-06T20:17:45","date_gmt":"2020-05-06T18:17:45","guid":{"rendered":"http:\/\/www.ivg.it\/?p=496400"},"modified":"2020-05-06T20:20:54","modified_gmt":"2020-05-06T18:20:54","slug":"fase-2-in-liguria-via-libera-alle-moto-per-attivita-sportiva-o-motoria","status":"publish","type":"post","link":"https:\/\/staging.ivg.it\/2020\/05\/fase-2-in-liguria-via-libera-alle-moto-per-attivita-sportiva-o-motoria\/","title":{"rendered":"Fase 2, in Liguria via libera alle moto per attivit\u00e0 sportiva o motoria"},"content":{"rendered":"<p><strong>Savona<\/strong>. Via libera nel territorio della Regione Liguria all&#8217;utilizzo delle moto sia per attivit\u00e0 sportiva, sia per attivit\u00e0 motoria, sempre individuale, anche fuoristrada (enduro, trial, motorally). L&#8217;ambito di spostamento consentito \u00e8 quello della Provincia o della citt\u00e0 metropolitana.<\/p>\n<p>Lo precisa <a href=\"https:\/\/www.regione.liguria.it\/components\/com_publiccompetitions\/includes\/download.php?id=40640:faq-ordinanza-25.pdf\" target=\"_blank\" rel=\"noopener\">una delle faq della Regione Liguria<\/a>, pubblicata per chiarire i contenuti dell&#8217;ordinanza in vigore da questo luned\u00ec.<\/p>\n<p>Inoltre, la Regione precisa che &#8220;fra i mezzi il cui utilizzo \u00e8 consentito per raggiungere il luogo dove svolgere l\u2019attivit\u00e0 sportiva o motoria siano compresi i motocicli purch\u00e9 nel pieno rispetto, oltre che della normativa ordinaria vigente per lo svolgimento di tali attivit\u00e0 sportive e motorie, delle misure di sicurezza e di distanziamento sociale, cos\u00ec come dettate dai dpcm governativi e dalle ordinanze regionali oltre che negli ambiti come definiti dalla citata ordinanza 25\/2020 (Province o Citt\u00e0 Metropolitana)&#8221;.<\/p>\n<p>&#8220;In merito all\u2019utilizzo della moto nel periodo emergenziale in corso si richiama il protocollo di intesa siglato in data 23 aprile 2020 da Federfarma e Federazione motociclistica italiana al fine di potenziare e rendere pi\u00f9 efficiente il servizio di consegna a domicilio dei farmaci in favore delle persone che sono impossibilitate a recarsi in farmacia, per disabilit\u00e0 o gravi malattie o perch\u00e9 in quarantena&#8221;.<\/p>\n","protected":false},"excerpt":{"rendered":"<p>L&#8217;ambito di spostamento consentito \u00e8 quello della Provincia<\/p>\n","protected":false},"author":18,"featured_media":0,"comment_status":"open","ping_status":"closed","sticky":false,"template":"","format":"standard","meta":{"footnotes":""},"categories":[56,42377,32],"tags":[113080,1862],"class_list":["post-496400","post","type-post","status-publish","format-standard","hentry","category-altre","category-altri-sport","category-sport","tag-fase-2","tag-moto"],"amp_validity":null,"amp_enabled":true,"_links":{"self":[{"href":"https:\/\/staging.ivg.it\/ediapi\/wp\/v2\/posts\/496400","targetHints":{"allow":["GET"]}}],"collection":[{"href":"https:\/\/staging.ivg.it\/ediapi\/wp\/v2\/posts"}],"about":[{"href":"https:\/\/staging.ivg.it\/ediapi\/wp\/v2\/types\/post"}],"author":[{"embeddable":true,"href":"https:\/\/staging.ivg.it\/ediapi\/wp\/v2\/users\/18"}],"replies":[{"embeddable":true,"href":"https:\/\/staging.ivg.it\/ediapi\/wp\/v2\/comments?post=496400"}],"version-history":[{"count":0,"href":"https:\/\/staging.ivg.it\/ediapi\/wp\/v2\/posts\/496400\/revisions"}],"wp:attachment":[{"href":"https:\/\/staging.ivg.it\/ediapi\/wp\/v2\/media?parent=496400"}],"wp:term":[{"taxonomy":"category","embeddable":true,"href":"https:\/\/staging.ivg.it\/ediapi\/wp\/v2\/categories?post=496400"},{"taxonomy":"post_tag","embeddable":true,"href":"https:\/\/staging.ivg.it\/ediapi\/wp\/v2\/tags?post=496400"}],"curies":[{"name":"wp","href":"https:\/\/api.w.org\/{rel}","templated":true}]}}