{"id":496371,"date":"2020-05-06T14:49:17","date_gmt":"2020-05-06T12:49:17","guid":{"rendered":"http:\/\/www.ivg.it\/?p=496371"},"modified":"2020-05-06T14:49:17","modified_gmt":"2020-05-06T12:49:17","slug":"fase-2-fiab-scrive-al-comune-di-albenga-necessario-incentivare-la-mobilita-sostenibile","status":"publish","type":"post","link":"https:\/\/staging.ivg.it\/2020\/05\/fase-2-fiab-scrive-al-comune-di-albenga-necessario-incentivare-la-mobilita-sostenibile\/","title":{"rendered":"Fase 2, Fiab scrive al Comune di Albenga: \u201cNecessario incentivare la mobilit\u00e0 sostenibile\u201d"},"content":{"rendered":"<p><strong>Albenga.<\/strong>\u00a0\u201cAbbiamo davanti almeno cinque mesi di bella stagione e arriveranno (forse) turisti, che si aggiungeranno alla richiesta di mobilit\u00e0: per questo la bicicletta rappresenta il mezzo d&#8217;elezione per la mobilit\u00e0 post emergenza\u201d.<\/p>\n<p>\u00c8 il pensiero della Fiab, per voce di Marco Veirana, presidente Fiab Tigullio Vivinbici; Cristina Sala, referente sezione Fiab Imperia<span class=\"Apple-converted-space\">\u00a0<\/span>e Sergio Galizia referente Fiab per Albenga.<span class=\"Apple-converted-space\">\u00a0<\/span>E proprio dalla Fiab sono arrivate 5 proposte per favore la mobilit\u00e0 sostenibile, che sono state tradotte in una lettera, indirizzata al sindaco di Albenga Riccardo Tomatis, il consigliere Martina Isoleri e l\u2019assessore Mauro Vannucci.<span class=\"Apple-converted-space\">\u00a0<\/span><\/p>\n<p>\u201cSiamo ormai giunti alla ripresa delle attivit\u00e0 produttive e della circolazione delle persone post Covid19, &#8211; hanno dichiarato. &#8211;<span class=\"Apple-converted-space\">\u00a0 <\/span>L\u2019uso dei mezzi pubblici cambier\u00e0, sar\u00e0 ridotto il numero delle persone trasportabili simultaneamente e crescer\u00e0 la diffidenza delle persone. Sar\u00e0 maggiore quindi il ricorso al mezzo privato, con conseguente aumento dell\u2019inquinamento e del traffico, rispetto ai valori precedenti, gi\u00e0 notevoli\u201d.<\/p>\n<p>\u201cPer questi motivi, gli amministratori, in Italia e all\u2019estero, stanno cercando soluzioni che coniughino l\u2019esigenza di una mobilit\u00e0 efficiente con il benessere e la salute, mettendo in atto Piani per la Mobilit\u00e0 d\u2019emergenza.\u00a0Riguardo il nostro territorio, la bicicletta rappresenta il mezzo d&#8217;elezione per la mobilit\u00e0 post emergenza.\u00a0Consente di mantenere il distanziamento sociale, \u00e8 economica, \u00e8 un&#8217;attivit\u00e0 aerobica utile a rafforzare le difese immunitarie, non inquina e nello spazio nel quale si parcheggia un\u2019auto, ci stanno 10 biciclette\u201d.<span class=\"Apple-converted-space\">\u00a0<\/span><\/p>\n<p>\u201cQuesta lettera vuole per tanto avviare una riflessione a livello locale, fornendo spunti per nuovi modi di vivere la nostra citt\u00e0, compatibilmente con gli spazi e le risorse a disposizione.\u00a0In attesa della Pista Ciclabile<span class=\"Apple-converted-space\">\u00a0 <\/span>che collegher\u00e0 Albenga alla frazione di Leca, si possono attuare alcune proposte, anche con valore educativo. Ogni azione fatta per incentivare la mobilit\u00e0 sostenibile porta il cittadino a prendere in considerazione nuovi modi di intendere gli spostamenti e migliora la percezione della sicurezza\u201d.<span class=\"Apple-converted-space\">\u00a0<\/span><\/p>\n<p>\u201cDi seguito ci sono alcune proposte per il nostro territorio: creare zone di rispetto per le biciclette sulle strade comunali a velocit\u00e0 controllata 30 Km\/h; apporre all&#8217;ingresso del territorio comunale cartelli<span class=\"Apple-converted-space\">\u00a0 <\/span>recanti la distanza di sorpasso di 1,5 mt.\u00a0delle auto nei confronti delle biciclette; realizzazione di percorsi dedicati alle biciclette\u00a0(Esempio : viale Pontelungo, viale 8 Marzo)\u201d.<span class=\"Apple-converted-space\">\u00a0<\/span><\/p>\n<p>\u201cE ancora: istituire strade scolastiche: per evitare la congestione nell\u2019area dei plessi scolastici in orario di entrata e uscita. Le strade scolastiche sono chiuse al traffico solo nell\u2019orario d\u2019ingresso e uscita da scuola; attivare Pedibus e\/o Bicicbus per la riapertura delle scuole, per permettere a chi abita nei pressi delle scuole di arrivarci in modo sicuro, senza gravare sul traffico; realizzare una campagna di comunicazione per sensibilizzare i cittadini e le aziende alla mobilit\u00e0 attiva\u201d.<span class=\"Apple-converted-space\">\u00a0<\/span><\/p>\n<p>\u201cLe proposte sopra riportate fanno riferimento a quelle pi\u00f9 generali proposte in ambito nazionale da FIAB insieme a un gruppo di associazioni ambientaliste fra cui Legambiente, Fridays for Future e Kyoto Club\u201d. <span class=\"Apple-converted-space\">\u00a0<\/span><\/p>\n<p>\u201cCrediamo che questo tremendo evento che ha colpito pesantemente la nostra comunit\u00e0, possa offrire l&#8217;occasione per ripensare alcuni aspetti della citt\u00e0, con interventi mirati al miglioramento dell&#8217;ambiente e della qualit\u00e0 della vita, che non possono prescindere dallo sviluppo della mobilit\u00e0 sostenibile\u201d, hanno concluso.<span class=\"Apple-converted-space\">\u00a0<\/span><\/p>\n","protected":false},"excerpt":{"rendered":"<p>In una lettera indirizzata al sindaco, ecco le 5 proposte per il territorio<\/p>\n","protected":false},"author":18599,"featured_media":0,"comment_status":"open","ping_status":"closed","sticky":false,"template":"","format":"standard","meta":{"footnotes":""},"categories":[56,34],"tags":[14591,84322,52802],"class_list":["post-496371","post","type-post","status-publish","format-standard","hentry","category-altre","category-cronaca","tag-comune-di-albenga","tag-fiab","tag-mobilita-sostenibile","post_cat_citta-albenga","post_tag_personaggi-cristina-sala","post_tag_personaggi-marco-veirana","post_tag_personaggi-sergio-galizia"],"amp_validity":null,"amp_enabled":true,"_links":{"self":[{"href":"https:\/\/staging.ivg.it\/ediapi\/wp\/v2\/posts\/496371","targetHints":{"allow":["GET"]}}],"collection":[{"href":"https:\/\/staging.ivg.it\/ediapi\/wp\/v2\/posts"}],"about":[{"href":"https:\/\/staging.ivg.it\/ediapi\/wp\/v2\/types\/post"}],"author":[{"embeddable":true,"href":"https:\/\/staging.ivg.it\/ediapi\/wp\/v2\/users\/18599"}],"replies":[{"embeddable":true,"href":"https:\/\/staging.ivg.it\/ediapi\/wp\/v2\/comments?post=496371"}],"version-history":[{"count":0,"href":"https:\/\/staging.ivg.it\/ediapi\/wp\/v2\/posts\/496371\/revisions"}],"wp:attachment":[{"href":"https:\/\/staging.ivg.it\/ediapi\/wp\/v2\/media?parent=496371"}],"wp:term":[{"taxonomy":"category","embeddable":true,"href":"https:\/\/staging.ivg.it\/ediapi\/wp\/v2\/categories?post=496371"},{"taxonomy":"post_tag","embeddable":true,"href":"https:\/\/staging.ivg.it\/ediapi\/wp\/v2\/tags?post=496371"}],"curies":[{"name":"wp","href":"https:\/\/api.w.org\/{rel}","templated":true}]}}