{"id":496243,"date":"2020-05-04T18:29:16","date_gmt":"2020-05-04T16:29:16","guid":{"rendered":"http:\/\/www.ivg.it\/?p=496243"},"modified":"2020-05-04T18:29:16","modified_gmt":"2020-05-04T16:29:16","slug":"coronavirus-la-regione-liguria-tra-le-regioni-del-nord-con-mortalita-piu-bassa-nel-primo-trimestre-2020-per-istat","status":"publish","type":"post","link":"https:\/\/staging.ivg.it\/2020\/05\/coronavirus-la-regione-liguria-tra-le-regioni-del-nord-con-mortalita-piu-bassa-nel-primo-trimestre-2020-per-istat\/","title":{"rendered":"Coronavirus, la Regione: \u201cLiguria tra le regioni del nord con mortalit\u00e0 pi\u00f9 bassa nel primo trimestre 2020 per Istat\u201d"},"content":{"rendered":"<p><strong>Regione<\/strong>. La Liguria \u00e8 tra le regioni del nord che nel primo trimestre del 2020 hanno registrato la mortalit\u00e0 pi\u00f9 bassa a causa della pandemia da covid-19. \u00c8 quanto emerge dal rapporto sulla mortalit\u00e0 della popolazione residente a cura dell&#8217;Istituto Superiore di Sanit\u00e0 e dell&#8217;Istat, pubblicato oggi.<\/p>\n<p>L&#8217;analisi ha preso in considerazione come periodo di riferimento il primo trimestre del 2020 rispetto alla media dello stesso periodo del quinquennio precedente (2015-2019), tenuto conto che la diffusione geografica dell&#8217;epidemia \u00e8 stata molto pi\u00f9 elevata al nord rispetto al centro e sud Italia.<\/p>\n<p>Per quanto riguarda la Liguria in particolare, in relazione ai decessi complessivi registrati nel periodo considerato &#8211; sia diretti per covid sia &#8216;indiretti&#8217; per cause correlate &#8211; emerge un calo della mortalit\u00e0 nel mese di febbraio (-14,1%) a fronte, invece, di un incremento del 50,3% nel mese di marzo: la Liguria si colloca vicino a Piemonte (+47% a marzo) e Marche (+53,3%), ma ben distanziata da Valle d&#8217;Aosta (+60,1%), Trentino Alto Adige (+ 65,2%), Emilia Romagna (+70,1%) e Lombardia (+186,5%).<\/p>\n<p>La variazione di mortalit\u00e0 in Liguria risulta dunque la met\u00e0 rispetto al dato medio dell&#8217;Italia settentrionale e delle Regioni ad alta diffusione del virus.<\/p>\n<p>&#8220;Questi dati \u2013 commenta il presidente Giovanni Toti \u2013 confermano che le nostre azioni per contrastare e contenere la pandemia sono state tempestive ed efficaci e smentiscono, speriamo una volta per tutte, le voci di chi rema contro per principio,\u00a0manipolando\u00a0i dati e la loro interpretazione e denigrando cos\u00ec il lavoro dei nostri sanitari. La Liguria \u00e8 tra le Regioni del nord che hanno registrato una minore mortalit\u00e0 a causa del Covid-19 nel primo trimestre del 2020. Premettendo che per noi ogni vittima di questa emergenza \u00e8 stato un dolore e alle famiglie va tutta la nostra vicinanza, questi numeri per\u00f2 sono particolarmente significativi, considerato che siamo la Regione pi\u00f9 anziana d&#8217;Europa e ci confortano ancor di pi\u00f9 in questo inizio di Fase 2. Grazie ad una rimodulazione immediata del nostro sistema sanitario e allo straordinario lavoro svolto da tutto il personale, la Liguria ha sempre garantito a tutti i cittadini le cure di cui avevano bisogno e ora, con prudenza e regole precise, \u00e8 pronta a ripartire. Lo capiranno anche i soliti oppositori oppure continueranno a leggere i numeri solo in senso negativo per fare un dispetto a Toti?&#8221;.<\/p>\n<p>Lo studio rivela che l&#8217;eccesso di mortalit\u00e0 pi\u00f9 consistente si riscontra per gli uomini di 70-79 anni, segue la classe di et\u00e0 80-89 (quasi 2,2 volte di aumento). L&#8217;incremento della mortalit\u00e0 nelle donne \u00e8 invece pi\u00f9 contenuto per tutte le classi di et\u00e0; raggiunge alla fine di marzo il 20% in pi\u00f9 della media degli anni 2015-2019, tanto per la classe di et\u00e0 70-79 che per la 90 e pi\u00f9. Inoltre nel 34,7% dei casi segnalati viene riportata almeno una co-morbidit\u00e0 (una tra: patologie cardiovascolari, patologie respiratorie, diabete, deficit immunitari, patologie metaboliche, patologie oncologiche, obesit\u00e0, patologie renali o altre patologie croniche).<\/p>\n","protected":false},"excerpt":{"rendered":"<p>Toti: &#8220;Ogni vittima \u00e8 un dolore, ma Istat conferma che le nostre azioni sono state tempestive ed efficaci. Smentiti i soliti oppositori che remano contro per principio&#8221; <\/p>\n","protected":false},"author":12120,"featured_media":0,"comment_status":"open","ping_status":"closed","sticky":false,"template":"","format":"standard","meta":{"footnotes":""},"categories":[45296,34],"tags":[111891,265,295],"class_list":["post-496243","post","type-post","status-publish","format-standard","hentry","category-copertina","category-cronaca","tag-coronavirus","tag-istat","tag-regione"],"amp_validity":null,"amp_enabled":true,"_links":{"self":[{"href":"https:\/\/staging.ivg.it\/ediapi\/wp\/v2\/posts\/496243","targetHints":{"allow":["GET"]}}],"collection":[{"href":"https:\/\/staging.ivg.it\/ediapi\/wp\/v2\/posts"}],"about":[{"href":"https:\/\/staging.ivg.it\/ediapi\/wp\/v2\/types\/post"}],"author":[{"embeddable":true,"href":"https:\/\/staging.ivg.it\/ediapi\/wp\/v2\/users\/12120"}],"replies":[{"embeddable":true,"href":"https:\/\/staging.ivg.it\/ediapi\/wp\/v2\/comments?post=496243"}],"version-history":[{"count":0,"href":"https:\/\/staging.ivg.it\/ediapi\/wp\/v2\/posts\/496243\/revisions"}],"wp:attachment":[{"href":"https:\/\/staging.ivg.it\/ediapi\/wp\/v2\/media?parent=496243"}],"wp:term":[{"taxonomy":"category","embeddable":true,"href":"https:\/\/staging.ivg.it\/ediapi\/wp\/v2\/categories?post=496243"},{"taxonomy":"post_tag","embeddable":true,"href":"https:\/\/staging.ivg.it\/ediapi\/wp\/v2\/tags?post=496243"}],"curies":[{"name":"wp","href":"https:\/\/api.w.org\/{rel}","templated":true}]}}