{"id":49624,"date":"2009-02-10T07:58:54","date_gmt":"2009-02-10T06:58:54","guid":{"rendered":"http:\/\/www.ivg.it\/2009\/02\/10\/regione-pietro-oliva-dichiarato-ineleggibile-ci-sono-ancora-altri-gradi-di-giudizio\/"},"modified":"2009-02-10T07:59:04","modified_gmt":"2009-02-10T06:59:04","slug":"regione-pietro-oliva-dichiarato-ineleggibile-ci-sono-ancora-altri-gradi-di-giudizio","status":"publish","type":"post","link":"https:\/\/staging.ivg.it\/2009\/02\/regione-pietro-oliva-dichiarato-ineleggibile-ci-sono-ancora-altri-gradi-di-giudizio\/","title":{"rendered":"Regione, Pietro Oliva dichiarato ineleggibile: &#8220;Ci sono ancora altri gradi di giudizio&#8221;"},"content":{"rendered":"<p><strong>[thumb:7950:l]Regione<\/strong>. &#8220;Sono molto tranquillo e con grande serenit\u00e0, quando mi sar\u00e0 notificata la decisione del tribunale Civile della quale ho avuto notizia solo in modo informale, ricorrer\u00f2 in appello&#8221;. Il consigliere regionale di Forza Italia Pietro Oliva commenta cos\u00ec la sentenza di primo grado del tribunale civile che invalida la sua elezione (primo dei non eletti a Savona subentrato al senatore Franco Orsi) dando ragione al candidato piazzatosi subito dietro di lui, Graziano Falciani. Falciani aveva fatto ricorso contestando l&#8217;ingresso di Oliva in Regione: a suo avviso sarebbe stato ineleggibile perch\u00e9 membro del cda di Filse, societ\u00e0 strumentale della Regione.<\/p>\n<p>&#8220;Non mi ero dimesso dal cda di Filse perch\u00e9 non avevo alcun potere decisionale nella societ\u00e0 &#8211; ha affermato Oliva &#8211; e comunque fin dal momento preelettorale non avevo pi\u00f9 partecipato alle sedute dimettendomi subito dopo. Comunque io ho avuto cinquemila voti e lui poco pi\u00f9 di ottocento. Gli elettori mi volevano in consiglio regionale e non in tribunale. Ci sono i vari gradi di giudizio, questa \u00e8 una vicenda ancora lunga&#8221;.<\/p>\n","protected":false},"excerpt":{"rendered":"<p>[thumb:7950:l]Regione. &#8220;Sono molto tranquillo e con grande serenit\u00e0, quando mi sar\u00e0 notificata la decisione del tribunale Civile della quale ho avuto notizia solo in modo informale, ricorrer\u00f2 in appello&#8221;. Il consigliere regionale di Forza Italia Pietro Oliva commenta cos\u00ec la sentenza di primo grado del tribunale civile che invalida la sua elezione (primo dei non [&hellip;]<\/p>\n","protected":false},"author":13744,"featured_media":0,"comment_status":"open","ping_status":"closed","sticky":false,"template":"","format":"standard","meta":{"footnotes":""},"categories":[31],"tags":[6528,393,294,295],"class_list":["post-49624","post","type-post","status-publish","format-standard","hentry","category-politica","tag-graziano","tag-liguria","tag-pietro-oliva","tag-regione","post_cat_citta-andora","post_cat_citta-loano"],"amp_validity":null,"amp_enabled":true,"_links":{"self":[{"href":"https:\/\/staging.ivg.it\/ediapi\/wp\/v2\/posts\/49624","targetHints":{"allow":["GET"]}}],"collection":[{"href":"https:\/\/staging.ivg.it\/ediapi\/wp\/v2\/posts"}],"about":[{"href":"https:\/\/staging.ivg.it\/ediapi\/wp\/v2\/types\/post"}],"author":[{"embeddable":true,"href":"https:\/\/staging.ivg.it\/ediapi\/wp\/v2\/users\/13744"}],"replies":[{"embeddable":true,"href":"https:\/\/staging.ivg.it\/ediapi\/wp\/v2\/comments?post=49624"}],"version-history":[{"count":0,"href":"https:\/\/staging.ivg.it\/ediapi\/wp\/v2\/posts\/49624\/revisions"}],"wp:attachment":[{"href":"https:\/\/staging.ivg.it\/ediapi\/wp\/v2\/media?parent=49624"}],"wp:term":[{"taxonomy":"category","embeddable":true,"href":"https:\/\/staging.ivg.it\/ediapi\/wp\/v2\/categories?post=49624"},{"taxonomy":"post_tag","embeddable":true,"href":"https:\/\/staging.ivg.it\/ediapi\/wp\/v2\/tags?post=49624"}],"curies":[{"name":"wp","href":"https:\/\/api.w.org\/{rel}","templated":true}]}}