{"id":495936,"date":"2020-04-30T14:53:56","date_gmt":"2020-04-30T12:53:56","guid":{"rendered":"http:\/\/www.ivg.it\/?p=495936"},"modified":"2020-04-30T14:53:56","modified_gmt":"2020-04-30T12:53:56","slug":"savona-interpellanza-del-gruppo-italia-viva-su-edilizia-e-trasporti-no-agli-oneri-doppi-per-le-imprese","status":"publish","type":"post","link":"https:\/\/staging.ivg.it\/2020\/04\/savona-interpellanza-del-gruppo-italia-viva-su-edilizia-e-trasporti-no-agli-oneri-doppi-per-le-imprese\/","title":{"rendered":"Savona, interpellanza del gruppo Italia Viva su edilizia e trasporti: &#8220;No agli oneri doppi per le imprese&#8221;"},"content":{"rendered":"<p><strong>Savona. &#8220;<\/strong>Oggi in Consiglio Comunale a Savona sar\u00e0 discussa un&#8217;interpellanza presentata da Italia Viva e che riteniamo importante per cittadini e imprese&#8221;. A comunicarlo, in una nota, sono i coordinatori provinciali di Italia Viva Matteo Calcagno e Danja Stocca.<\/p>\n<p>&#8220;Nei giorni scorsi &#8211; spiegano &#8211; ci \u00e8 stato segnalato che le imprese del settore edile o dei trasporti, dopo aver gi\u00e0 pagato il suolo pubblico per cantieri o traslochi e non averne potuto usufruire a causa dell&#8217;emergenza Coronavirus, sono tenute, con la ripresa delle loro attivit\u00e0, a fare nuovamente domanda con la conseguenza grave di dover pagare, per una seconda volta, gli oneri di procedura. Tale &#8220;duplicazione&#8221; degli oneri, inoltre, risulterebbe obbligatoria anche in occasione degli eventi alluvionali e delle relative allerte meteorologiche&#8221;.<\/p>\n<p>&#8220;Ci chiediamo &#8211; continuano &#8211; perch\u00e9 l&#8217;amministrazione comunale imputa al cittadino questo doppio pagamento in situazioni di forza maggiore, cio\u00e8, in situazioni in cui l&#8217;impossibilit\u00e0 di usufruire del permesso di occupazione di suolo pubblico non dipende da colpa del privato?\u00a0\u00a0Riteniamo grave che in un momento di forte difficolt\u00e0 economica, come quello che stiamo vivendo, l&#8217;amministrazione comunale non manifesti attenzione nel confronto delle aziende gi\u00e0 duramente provate dal blocco legato all&#8217;emergenza sanitaria&#8221;.<\/p>\n<p>&#8220;Ringraziamo, inoltre, le nostre consigliere comunali Barbara Pasquali ed Elda Olin Verney, per aver saputo, anche in questa occasione, farsi voce attiva delle istanze del nostro territorio&#8221; concludono gli esponenti savonesi di Italia Viva.<\/p>\n","protected":false},"excerpt":{"rendered":"<p>&#8220;Perch\u00e9 l&#8217;amministrazione comunale imputa al cittadino questo doppio pagamento in situazioni di forza maggiore?&#8221;<\/p>\n","protected":false},"author":17962,"featured_media":0,"comment_status":"open","ping_status":"closed","sticky":false,"template":"","format":"standard","meta":{"footnotes":""},"categories":[45296,56,35,31],"tags":[109857],"class_list":["post-495936","post","type-post","status-publish","format-standard","hentry","category-copertina","category-altre","category-economia","category-politica","tag-italia-viva","post_cat_citta-savona","post_tag_personaggi-danja-stocca","post_tag_personaggi-matteo-calcagno"],"amp_validity":null,"amp_enabled":true,"_links":{"self":[{"href":"https:\/\/staging.ivg.it\/ediapi\/wp\/v2\/posts\/495936","targetHints":{"allow":["GET"]}}],"collection":[{"href":"https:\/\/staging.ivg.it\/ediapi\/wp\/v2\/posts"}],"about":[{"href":"https:\/\/staging.ivg.it\/ediapi\/wp\/v2\/types\/post"}],"author":[{"embeddable":true,"href":"https:\/\/staging.ivg.it\/ediapi\/wp\/v2\/users\/17962"}],"replies":[{"embeddable":true,"href":"https:\/\/staging.ivg.it\/ediapi\/wp\/v2\/comments?post=495936"}],"version-history":[{"count":0,"href":"https:\/\/staging.ivg.it\/ediapi\/wp\/v2\/posts\/495936\/revisions"}],"wp:attachment":[{"href":"https:\/\/staging.ivg.it\/ediapi\/wp\/v2\/media?parent=495936"}],"wp:term":[{"taxonomy":"category","embeddable":true,"href":"https:\/\/staging.ivg.it\/ediapi\/wp\/v2\/categories?post=495936"},{"taxonomy":"post_tag","embeddable":true,"href":"https:\/\/staging.ivg.it\/ediapi\/wp\/v2\/tags?post=495936"}],"curies":[{"name":"wp","href":"https:\/\/api.w.org\/{rel}","templated":true}]}}