{"id":495585,"date":"2020-04-26T13:42:40","date_gmt":"2020-04-26T11:42:40","guid":{"rendered":"http:\/\/www.ivg.it\/?p=495585"},"modified":"2020-04-26T13:44:21","modified_gmt":"2020-04-26T11:44:21","slug":"coronavirus-alisa-nessun-record-di-mortalita-in-liguria","status":"publish","type":"post","link":"https:\/\/staging.ivg.it\/2020\/04\/coronavirus-alisa-nessun-record-di-mortalita-in-liguria\/","title":{"rendered":"Coronavirus, Alisa: &#8220;Nessun record di mortalit\u00e0 in Liguria&#8221;"},"content":{"rendered":"<p><strong>Genova.<\/strong> &#8220;La Liguria ha un rapporto standardizzato di mortalit\u00e0 inferiore alla Lombardia (+ 212% rispetto alla Liguria) all\u2019Emilia Romagna (+ 47% rispetto alla Liguria) e alle Marche (+ 19%) e sovrapponibile al Piemonte, mentre il Veneto, che ha avuto inizialmente un unico cluster, presenta un rapporto di mortalit\u00e0 di -54% rispetto alla Liguria: sono questi i dati sulla mortalit\u00e0. Il dato grezzo deve essere corretto per essere rappresentativo della realt\u00e0, con la distribuzione demografica di ciascuna regione&#8221;. Lo spiega Filippo Ansaldi, direttore della prevenzione e programmazione di Alisa, l&#8217;Azienda ligure sanitaria, smentendo cos\u00ec recenti osservazioni che indicavano la regione tra quelle maggiormente colpite dal virus in termini di letalit\u00e0.<\/p>\n<p>La mortalit\u00e0 per Covid-19 dipende macroscopicamente da due fattori: la demografia della popolazione, in considerazione dei diversi tassi di mortalit\u00e0 nelle diverse classi d\u2019et\u00e0, e il periodo di circolazione del virus, in particolare di circolazione diffusa (in molti report di confronto tra nazioni, ad esempio, il periodo di osservazione parte quando si raggiungono un certo numero di casi o di decessi).<\/p>\n<p>Considerando la demografia e il periodo di circolazione sostenuta del virus, in Liguria si osserva quindi una mortalit\u00e0 inferiore a quanto rilevato nelle regioni con quadro epidemiologico simile. &#8220;Ognuno pu\u00f2 leggere i numeri come vuole. Noi li rappresentiamo in modo trasparente e soprattutto con il rigore scientifico che ci \u00e8 offerto dai nostri esperti ed \u00e8 rappresentativo della realt\u00e0 &#8211; commenta Walter Locatelli (<em>nella foto<\/em>), commissario di Alisa -. L\u2019epidemiologia non \u00e8 un\u2019opinione ma una scienza che richiede anni di studio. Del resto, le decisioni e le azioni conseguenti, vengono sempre prese sulla base di dati e contesti rappresentativi, in modo compiuto e coerente&#8221;.<\/p>\n","protected":false},"excerpt":{"rendered":"<p>Genova. &#8220;La Liguria ha un rapporto standardizzato di mortalit\u00e0 inferiore alla Lombardia (+ 212% rispetto alla Liguria) all\u2019Emilia Romagna (+ 47% rispetto alla Liguria) e alle Marche (+ 19%) e sovrapponibile al Piemonte, mentre il Veneto, che ha avuto inizialmente un unico cluster, presenta un rapporto di mortalit\u00e0 di -54% rispetto alla Liguria: sono questi [&hellip;]<\/p>\n","protected":false},"author":18,"featured_media":0,"comment_status":"open","ping_status":"closed","sticky":false,"template":"","format":"standard","meta":{"footnotes":""},"categories":[45296,56],"tags":[85498,111891,112903],"class_list":["post-495585","post","type-post","status-publish","format-standard","hentry","category-copertina","category-altre","tag-alisa","tag-coronavirus","tag-mortalita","post_tag_personaggi-walter-locatelli"],"amp_validity":null,"amp_enabled":true,"_links":{"self":[{"href":"https:\/\/staging.ivg.it\/ediapi\/wp\/v2\/posts\/495585","targetHints":{"allow":["GET"]}}],"collection":[{"href":"https:\/\/staging.ivg.it\/ediapi\/wp\/v2\/posts"}],"about":[{"href":"https:\/\/staging.ivg.it\/ediapi\/wp\/v2\/types\/post"}],"author":[{"embeddable":true,"href":"https:\/\/staging.ivg.it\/ediapi\/wp\/v2\/users\/18"}],"replies":[{"embeddable":true,"href":"https:\/\/staging.ivg.it\/ediapi\/wp\/v2\/comments?post=495585"}],"version-history":[{"count":0,"href":"https:\/\/staging.ivg.it\/ediapi\/wp\/v2\/posts\/495585\/revisions"}],"wp:attachment":[{"href":"https:\/\/staging.ivg.it\/ediapi\/wp\/v2\/media?parent=495585"}],"wp:term":[{"taxonomy":"category","embeddable":true,"href":"https:\/\/staging.ivg.it\/ediapi\/wp\/v2\/categories?post=495585"},{"taxonomy":"post_tag","embeddable":true,"href":"https:\/\/staging.ivg.it\/ediapi\/wp\/v2\/tags?post=495585"}],"curies":[{"name":"wp","href":"https:\/\/api.w.org\/{rel}","templated":true}]}}