{"id":495555,"date":"2020-04-26T08:06:45","date_gmt":"2020-04-26T06:06:45","guid":{"rendered":"http:\/\/www.ivg.it\/?p=495555"},"modified":"2020-04-26T08:16:36","modified_gmt":"2020-04-26T06:16:36","slug":"coronavirus-la-rp-maria-siccardi-di-spotorno-diventa-covid-free-negativi-i-tamponi-nessun-contagio","status":"publish","type":"post","link":"https:\/\/staging.ivg.it\/2020\/04\/coronavirus-la-rp-maria-siccardi-di-spotorno-diventa-covid-free-negativi-i-tamponi-nessun-contagio\/","title":{"rendered":"Coronavirus, la RP &#8220;Maria Siccardi&#8221; di Spotorno diventa &#8220;Covid free&#8221;: negativi i tamponi, nessun contagio"},"content":{"rendered":"<p><strong>Spotorno.<\/strong> &#8220;Covid free&#8221; anche per Residenza protetta &#8220;Maria Siccardi Berninzoni&#8221; di Spotorno: la conferma arriva dai vertici della struttura. Negativi i tamponi, nessun contagio alla casa di cura.<\/p>\n<p>&#8220;Se di fatto la diffusione del coronavirus ha buttato nell&#8217;angoscia tutti noi, all&#8217;oggi i risultati che confermano come non contagiati la totalit\u00e0 degli ospiti e dei dipendenti della RP Maria Siccardi ci regala un primo punto di terra ferma in tutto questo mare di incertezze&#8230;&#8221; affermano dalla direzione. &#8220;Quando non c&#8217;\u00e8 un oggetto determinante con cui fronteggiarsi o dal quale scappare, ci viene tolta la possibilit\u00e0 di assumere atteggiamenti razionali&#8221;.<\/p>\n<p>&#8220;Entra in gioco la necessit\u00e0 di mediare tra il sospendere la vita e le certezze quotidiane dei visi di chi accudisce i nostri ospiti e i dettami della medicina talvolta aridi e sterili di sentimenti per mettere in atto precauzioni volte a combattere la diffusione del virus&#8221;.<\/p>\n<p>E nel dettaglio della situazione emergenziale: &#8220;E&#8217; stata creata una Zona Rossa che ha visto i nostri 7 ospiti, positivi ai test sierologici, isolati dalla comunit\u00e0 che a sua volta era stata isolata dai contatti con i familiari in cui anche la familiarit\u00e0 di un volto \u00e8 stata per loro trasfigurata dal necessario utilizzo dei dispositivi di protezione individuale. I contatti umani, come imposto dalla sanit\u00e0, sono stati per loro completamente azzerati anzi quasi perch\u00e8 la spinta umana alla vita ci ha portato a muoverci con sensibilit\u00e0 in ogni contatto, per quanto difficile&#8221;.<\/p>\n<p>&#8220;I comportamenti umani non sono prevedibili teoremi di matematica dove si deducono le conseguenze delle premesse. Allora in queste situazioni non conta tanto il sapere ma la saggezza o meglio il buon senso che potremmo tradurre come la capacit\u00e0 di muoversi all&#8217;interno di situazioni pericolose per entrambi le parti&#8221;.<\/p>\n<p>&#8220;E&#8217; questo l&#8217;atteggiamento che ci siamo sforzati di assumere calibrando e valutando qual \u00e8 il minor male rispetto a quello che esiste&#8221;.<\/p>\n<p>&#8220;Con questo stato d&#8217;animo e sensibilit\u00e0 tutti ma proprio tutti gli operatori della Sereni Orizzonti che gestisce la RP Maria Siccardi Berninzoni hanno gestito la grande emergenza che ci ha braccato in questi mesi&#8221;.<\/p>\n<p>&#8220;Il presidente , il Consiglio di Amministrazione della Serena Orizzonti, il direttore Marco Fantoni di fronte alla professionalit\u00e0 e sensibilit\u00e0 dimostrata non possono che ritenersi in debito di onore e infinita gratitudine verso lo staff dirigenziale&#8221; conclude la direzione della casa di riposo.<\/p>\n","protected":false},"excerpt":{"rendered":"<p>L&#8217;annuncio della direzione della struttura dopo i casi e la situazione emergenziale<\/p>\n","protected":false},"author":4,"featured_media":0,"comment_status":"open","ping_status":"closed","sticky":false,"template":"","format":"standard","meta":{"footnotes":""},"categories":[45296,34],"tags":[112429,15551,112459,111891,112696,78198],"class_list":["post-495555","post","type-post","status-publish","format-standard","hentry","category-copertina","category-cronaca","tag-allarme-coronavirus","tag-case-di-riposo","tag-casi-coronavirus","tag-coronavirus","tag-emergenza-coronavirus","tag-sereni-orizzonti","post_cat_citta-spotorno"],"amp_validity":null,"amp_enabled":true,"_links":{"self":[{"href":"https:\/\/staging.ivg.it\/ediapi\/wp\/v2\/posts\/495555","targetHints":{"allow":["GET"]}}],"collection":[{"href":"https:\/\/staging.ivg.it\/ediapi\/wp\/v2\/posts"}],"about":[{"href":"https:\/\/staging.ivg.it\/ediapi\/wp\/v2\/types\/post"}],"author":[{"embeddable":true,"href":"https:\/\/staging.ivg.it\/ediapi\/wp\/v2\/users\/4"}],"replies":[{"embeddable":true,"href":"https:\/\/staging.ivg.it\/ediapi\/wp\/v2\/comments?post=495555"}],"version-history":[{"count":0,"href":"https:\/\/staging.ivg.it\/ediapi\/wp\/v2\/posts\/495555\/revisions"}],"wp:attachment":[{"href":"https:\/\/staging.ivg.it\/ediapi\/wp\/v2\/media?parent=495555"}],"wp:term":[{"taxonomy":"category","embeddable":true,"href":"https:\/\/staging.ivg.it\/ediapi\/wp\/v2\/categories?post=495555"},{"taxonomy":"post_tag","embeddable":true,"href":"https:\/\/staging.ivg.it\/ediapi\/wp\/v2\/tags?post=495555"}],"curies":[{"name":"wp","href":"https:\/\/api.w.org\/{rel}","templated":true}]}}