{"id":495403,"date":"2020-04-24T09:40:21","date_gmt":"2020-04-24T07:40:21","guid":{"rendered":"http:\/\/www.ivg.it\/?p=495403"},"modified":"2020-04-24T09:40:21","modified_gmt":"2020-04-24T07:40:21","slug":"tari-e-tributi-locali-pastorino-leu-scongiurare-chiusura-attivita-serve-supporto-per-tutti","status":"publish","type":"post","link":"https:\/\/staging.ivg.it\/2020\/04\/tari-e-tributi-locali-pastorino-leu-scongiurare-chiusura-attivita-serve-supporto-per-tutti\/","title":{"rendered":"Tari e tributi locali, Pastorino (Leu): &#8220;Scongiurare chiusura attivit\u00e0, serve supporto per tutti&#8221;"},"content":{"rendered":"<p><strong>Regione.<\/strong> &#8220;Nel decreto aprile sono previsti dei provvedimenti a sostegno delle imprese e delle attivit\u00e0 commerciali. Il Governo e la maggioranza sono impegnati in uno sforzo costante per essere al fianco di chi sta gi\u00e0\u00a0pagando dazio alla crisi economica causata dal Coronavirus. Auspico che nel testo siano inserite anche delle misure di agevolazione sul pagamento della Tari e dei tributi locali. Sono costi che spesso rischiano di mettere in ulteriore affanno gli esercenti e gli imprenditori&#8221;.<\/p>\n<p>Lo dichiara il deputato di\u00a0\u00e8Viva, Luca Pastorino, segretario di presidenza alla Camera per\u00a0Leu.<\/p>\n<p>&#8220;L&#8217;impegno &#8211; aggiunge Pastorino &#8211; \u00e8 quello di arginare l&#8217;urto della crisi. L&#8217;obiettivo \u00e8 di supportare tutti nella ripresa, scongiurando la chiusura di attivit\u00e0 e la perdita di posti di lavoro. In questa strategia va tenuto conto dei tributi che possono sembrare &#8216;secondari&#8217;, ma non lo sono affatto&#8221;.<\/p>\n<p><strong><a href=\"https:\/\/www.ivg.it\/tag\/coronavirus\/\" target=\"_blank\" rel=\"noopener\">TUTTI GLI AGGIORNAMENTI SULL&#8217;EMERGENZA<\/a><\/strong><\/p>\n","protected":false},"excerpt":{"rendered":"<p>&#8220;Il Governo e la maggioranza sono impegnati in uno sforzo costante per essere al fianco di chi sta gi\u00e0\u00a0pagando dazio&#8221;<\/p>\n","protected":false},"author":17962,"featured_media":0,"comment_status":"open","ping_status":"closed","sticky":false,"template":"","format":"standard","meta":{"footnotes":""},"categories":[35,31],"tags":[1331,111891,52233],"class_list":["post-495403","post","type-post","status-publish","format-standard","hentry","category-economia","category-politica","tag-attivita-commerciali","tag-coronavirus","tag-tari","post_tag_personaggi-luca-pastorino"],"amp_validity":null,"amp_enabled":true,"_links":{"self":[{"href":"https:\/\/staging.ivg.it\/ediapi\/wp\/v2\/posts\/495403","targetHints":{"allow":["GET"]}}],"collection":[{"href":"https:\/\/staging.ivg.it\/ediapi\/wp\/v2\/posts"}],"about":[{"href":"https:\/\/staging.ivg.it\/ediapi\/wp\/v2\/types\/post"}],"author":[{"embeddable":true,"href":"https:\/\/staging.ivg.it\/ediapi\/wp\/v2\/users\/17962"}],"replies":[{"embeddable":true,"href":"https:\/\/staging.ivg.it\/ediapi\/wp\/v2\/comments?post=495403"}],"version-history":[{"count":0,"href":"https:\/\/staging.ivg.it\/ediapi\/wp\/v2\/posts\/495403\/revisions"}],"wp:attachment":[{"href":"https:\/\/staging.ivg.it\/ediapi\/wp\/v2\/media?parent=495403"}],"wp:term":[{"taxonomy":"category","embeddable":true,"href":"https:\/\/staging.ivg.it\/ediapi\/wp\/v2\/categories?post=495403"},{"taxonomy":"post_tag","embeddable":true,"href":"https:\/\/staging.ivg.it\/ediapi\/wp\/v2\/tags?post=495403"}],"curies":[{"name":"wp","href":"https:\/\/api.w.org\/{rel}","templated":true}]}}