{"id":495402,"date":"2020-04-24T09:38:22","date_gmt":"2020-04-24T07:38:22","guid":{"rendered":"http:\/\/www.ivg.it\/?p=495402"},"modified":"2020-04-24T09:38:22","modified_gmt":"2020-04-24T07:38:22","slug":"al-via-sul-web-il-salotto-di-whybio-nellattesa-dellesposizione-rinviata-a-settembre","status":"publish","type":"post","link":"https:\/\/staging.ivg.it\/2020\/04\/al-via-sul-web-il-salotto-di-whybio-nellattesa-dellesposizione-rinviata-a-settembre\/","title":{"rendered":"Al via sul web il Salotto di WhyBio, nell&#8217;attesa dell&#8217;esposizione rinviata a settembre"},"content":{"rendered":"<p><strong>Savona<\/strong>. WhyBio \u00e8 un appuntamento fisso che si tiene da sei anni alla fortezza del Priamar di Savona. Quest&#8217;anno, complice l&#8217;emergenza sanitaria in corso, l&#8217;edizione di maggio si sposter\u00e0 nel mese di settembre; gli organizzatori attendono la conferma definitiva di poter proporre eventi per quel periodo.<\/p>\n<p>Considerato che aprile e maggio sono i momenti di maggior interesse e di lancio per la manifestazione e, visti i temi trattati soprattutto da questa edizione, gli organizzatori hanno dato vita al Salotto di WhyBio.<\/p>\n<p>Si tratta di un appuntamento online con cadenza bisettimanale, luned\u00ec e mercoled\u00ec, alle ore 18, che vedr\u00e0 protagonisti volti noti, espositori, esperti del settore, amici, visitatori e tutti coloro che amano condividere un&#8217;ora di curiosit\u00e0, notizie e approfondimenti nel salotto di ognuno degli interessati.<\/p>\n<div class=\"single-img-content-container fullwidth-single shortcode standard\">\n    <div class=\"image_container\" style=\"text-align: center;\">\n        <picture class=\" lazyload\"><img loading=\"lazy\" class=\"lazy\" data-srcset=\"https:\/\/www.ivg.it\/photogallery_new\/images\/2020\/04\/whybio-624897.jpg 1024w, https:\/\/www.ivg.it\/photogallery_new\/images\/2020\/04\/whybio-624897.jpg 970w, https:\/\/www.ivg.it\/photogallery_new\/images\/2020\/04\/whybio-624897.jpg 660w, https:\/\/www.ivg.it\/photogallery_new\/images\/2020\/04\/whybio-624897.jpg 316w, https:\/\/www.ivg.it\/photogallery_new\/images\/2020\/04\/whybio-624897.jpg 150w\"  data-src=\"https:\/\/www.ivg.it\/photogallery_new\/images\/2020\/04\/whybio-624897.jpg\" alt=\"WhyBio\" \/><\/picture>\r\n\n    <\/div>\n    <\/div>\n\n<p>L&#8217;appuntamento si svilupper\u00e0 in diretta sulla pagina Facebook @WhyBio con la partecipazione straordinaria di Linda Miante che, in compagnia di Laura Fillippi, ad ogni puntata interagir\u00e0 con gli spettatori e li aiuter\u00e0 a scoprire i segreti e le novit\u00e0 di questa edizione.<\/p>\n","protected":false},"excerpt":{"rendered":"<p>Appuntamento bisettimanale, al luned\u00ec e al mercoled\u00ec<\/p>\n","protected":false},"author":18,"featured_media":0,"comment_status":"open","ping_status":"closed","sticky":false,"template":"","format":"standard","meta":{"footnotes":""},"categories":[56],"tags":[69051],"class_list":["post-495402","post","type-post","status-publish","format-standard","hentry","category-altre","tag-whybio","post_cat_citta-savona"],"amp_validity":null,"amp_enabled":true,"_links":{"self":[{"href":"https:\/\/staging.ivg.it\/ediapi\/wp\/v2\/posts\/495402","targetHints":{"allow":["GET"]}}],"collection":[{"href":"https:\/\/staging.ivg.it\/ediapi\/wp\/v2\/posts"}],"about":[{"href":"https:\/\/staging.ivg.it\/ediapi\/wp\/v2\/types\/post"}],"author":[{"embeddable":true,"href":"https:\/\/staging.ivg.it\/ediapi\/wp\/v2\/users\/18"}],"replies":[{"embeddable":true,"href":"https:\/\/staging.ivg.it\/ediapi\/wp\/v2\/comments?post=495402"}],"version-history":[{"count":0,"href":"https:\/\/staging.ivg.it\/ediapi\/wp\/v2\/posts\/495402\/revisions"}],"wp:attachment":[{"href":"https:\/\/staging.ivg.it\/ediapi\/wp\/v2\/media?parent=495402"}],"wp:term":[{"taxonomy":"category","embeddable":true,"href":"https:\/\/staging.ivg.it\/ediapi\/wp\/v2\/categories?post=495402"},{"taxonomy":"post_tag","embeddable":true,"href":"https:\/\/staging.ivg.it\/ediapi\/wp\/v2\/tags?post=495402"}],"curies":[{"name":"wp","href":"https:\/\/api.w.org\/{rel}","templated":true}]}}