{"id":495326,"date":"2020-04-23T17:17:56","date_gmt":"2020-04-23T15:17:56","guid":{"rendered":"http:\/\/www.ivg.it\/?p=495326"},"modified":"2021-07-16T11:26:34","modified_gmt":"2021-07-16T09:26:34","slug":"la-vita-di-un-volontario-al-tempo-del-covid-il-viaggio-fotografico-di-greta-stella","status":"publish","type":"post","link":"https:\/\/staging.ivg.it\/2020\/04\/la-vita-di-un-volontario-al-tempo-del-covid-il-viaggio-fotografico-di-greta-stella\/","title":{"rendered":"La vita di un volontario al tempo del Covid: il viaggio fotografico di Greta Stella"},"content":{"rendered":"<p><strong>Loano.<\/strong> Un viaggio per immagini nella vita di un volontario al tempo del Coronavirus. Ogni giorno un &#8220;racconto fotografico&#8221; della loro attivit\u00e0: la vestizione, la sanificazione, l&#8217;automedica. IVG intraprende oggi un <strong>viaggio giornaliero<\/strong> nelle storie di questi &#8220;eroi moderni&#8221; grazie a <strong>Greta Stella<\/strong>, fotografa professionista che, attraverso il suo obiettivo, ci racconter\u00e0 il suo &#8220;Volontariato temporaneo&#8221; presso la Croce Rossa di Loano.<\/p>\n<p>&#8220;Il 4 Marzo, quando ancora l\u2019Italia non era in quarantena nazionale e le nostre vite scorrevano in quella che definivamo \u2018normalit\u00e0\u2019, io rientravo in Italia dopo aver vissuto quasi un anno in Canada &#8211; racconta &#8211; La mia nuova vita sarebbe ripartita a Milano, ma, prima, avevo deciso di concedermi qualche settimana in Liguria, mia terra natale, per godermi la mia famiglia, il mare e niente di pi\u00f9&#8221;.<\/p>\n<p>Ma <strong>a sconvolgere i piani \u00e8 arrivato il lockdown<\/strong>. &#8220;A Milano non sono pi\u00f9 tornata e la mia vita in Italia \u00e8 riniziata a Loano, paese in cui sono cresciuta e da cui son fuggita a 19 anni per vivere e studiare in citt\u00e0. Qui, dopo 20 giorni di quarantena, ho capito che <strong>rimanere in casa non sarebbe pi\u00f9 stato abbastanza per me. Volevo aiutare chi ci stava aiutando<\/strong>&#8220;.<\/p>\n<p>E cos\u00ec, il 22 marzo, Greta ha iniziato il suo servizio di Volontariato temporaneo presso la Croce Rossa di Loano. E oggi, a distanza di un mese, ha deciso di raccontarlo. <strong>Una &#8220;puntata&#8221; ogni giorno<\/strong>, con il linguaggio che preferisce: quello del suo obiettivo.<\/p>\n<p><em>Greta \u00e8 una fotografa freelance. Ha iniziato a fotografare a 14 con l&#8217;analogica di suo nonno e non ha mai smesso. Il reportage fotografico \u00e8 ci\u00f2 con cui da sempre si esprime e cerca di raccontare storie. <a href=\"https:\/\/www.ivg.it\/tag\/vita-di-un-volontario-reportage\/\">A questo link troverai, ogni giorno, una puntata del reportage<\/a>.<\/em><\/p>\n","protected":false},"excerpt":{"rendered":"<p>Ogni giorno una serie di scatti per raccontare ci\u00f2 che accade nella giornata tipo di questi &#8220;eroi moderni&#8221;<\/p>\n","protected":false},"author":10593,"featured_media":0,"comment_status":"open","ping_status":"closed","sticky":false,"template":"","format":"standard","meta":{"footnotes":""},"categories":[45296,56,57715,120141],"tags":[55452,113198],"class_list":["post-495326","post","type-post","status-publish","format-standard","hentry","category-copertina","category-altre","category-no-profit","category-reportage","tag-croce-rossa-loano","tag-vita-di-un-volontario-reportage","post_cat_citta-loano"],"amp_validity":null,"amp_enabled":true,"_links":{"self":[{"href":"https:\/\/staging.ivg.it\/ediapi\/wp\/v2\/posts\/495326","targetHints":{"allow":["GET"]}}],"collection":[{"href":"https:\/\/staging.ivg.it\/ediapi\/wp\/v2\/posts"}],"about":[{"href":"https:\/\/staging.ivg.it\/ediapi\/wp\/v2\/types\/post"}],"author":[{"embeddable":true,"href":"https:\/\/staging.ivg.it\/ediapi\/wp\/v2\/users\/10593"}],"replies":[{"embeddable":true,"href":"https:\/\/staging.ivg.it\/ediapi\/wp\/v2\/comments?post=495326"}],"version-history":[{"count":0,"href":"https:\/\/staging.ivg.it\/ediapi\/wp\/v2\/posts\/495326\/revisions"}],"wp:attachment":[{"href":"https:\/\/staging.ivg.it\/ediapi\/wp\/v2\/media?parent=495326"}],"wp:term":[{"taxonomy":"category","embeddable":true,"href":"https:\/\/staging.ivg.it\/ediapi\/wp\/v2\/categories?post=495326"},{"taxonomy":"post_tag","embeddable":true,"href":"https:\/\/staging.ivg.it\/ediapi\/wp\/v2\/tags?post=495326"}],"curies":[{"name":"wp","href":"https:\/\/api.w.org\/{rel}","templated":true}]}}