{"id":495225,"date":"2020-04-21T18:44:51","date_gmt":"2020-04-21T16:44:51","guid":{"rendered":"http:\/\/www.ivg.it\/?p=495225"},"modified":"2020-04-21T18:45:06","modified_gmt":"2020-04-21T16:45:06","slug":"consiglio-regionale-mai-bene-la-richiesta-di-apertura-della-pesca-sportiva-e-ricreativa","status":"publish","type":"post","link":"https:\/\/staging.ivg.it\/2020\/04\/consiglio-regionale-mai-bene-la-richiesta-di-apertura-della-pesca-sportiva-e-ricreativa\/","title":{"rendered":"Coronavirus, Mai: &#8220;Bene la richiesta di apertura della pesca sportiva e ricreativa\u201d"},"content":{"rendered":"<p><strong>Regione.<\/strong> L&#8217;assessore regionale alla pesca, Stefano Mai, plaude all&#8217;approvazione del consiglio regionale dell&#8217;ordine del giorno che chiede l&#8217;avvio della pesca sportiva e ricreativa nella Fase 2.<\/p>\n<p>&#8220;Sono molto contento che sia stato approvato quest&#8217;ordine del giorno perch\u00e9 la pesca sportiva e ricreativa rappresenta una ricchezza importantissima per tutta la Liguria \u2013 spiega l&#8217;assessore Mai \u2013 Ovviamente si chiede di considerare l&#8217;esercizio della pesca tra le prime attivit\u00e0 che possono ripartire. Si tratta di permettere un&#8217;attivit\u00e0 nel pieno rispetto di tutte le misure di contrasto alla diffusione del Coronavirus, evitando assembramenti e situazioni a rischio&#8221;.<\/p>\n<p>&#8220;Sia la pesca nelle acque interne, sia la pesca in mare da riva o da natante, creano benefici alla salute fisica e psichica delle persone. In genere la pesca sportiva o ricreativa si svolge in solitaria, quindi non cambierebbe molto e non ci sarebbero condizioni di possibile contagio del Covid-19. Contemporaneamente \u00e8 anche un&#8217;attivit\u00e0 che genera un importante indotto economico, coinvolgendo una vera e propria filiera. Per non dimenticare che spesso rappresenta una forma di sostentamento familiare&#8221;.<\/p>\n<p>&#8220;Le associazioni nazionali e regionali stanno chiedendo al Governo di riprendere le attivit\u00e0 in sicurezza. Il mio augurio \u00e8 quello che si possa giungere presto anche a consentire lo svolgimento di gare e raduni. Come assessore rappresenter\u00f2 questa richiesta al Governo e spero sia recepita presto&#8221;.<\/p>\n","protected":false},"excerpt":{"rendered":"<p>Nella Fase 2<\/p>\n","protected":false},"author":12120,"featured_media":0,"comment_status":"open","ping_status":"closed","sticky":false,"template":"","format":"standard","meta":{"footnotes":""},"categories":[45296,35,31],"tags":[111891,2027,295],"class_list":["post-495225","post","type-post","status-publish","format-standard","hentry","category-copertina","category-economia","category-politica","tag-coronavirus","tag-pesca-sportiva","tag-regione","post_tag_personaggi-stefano-mai"],"amp_validity":null,"amp_enabled":true,"_links":{"self":[{"href":"https:\/\/staging.ivg.it\/ediapi\/wp\/v2\/posts\/495225","targetHints":{"allow":["GET"]}}],"collection":[{"href":"https:\/\/staging.ivg.it\/ediapi\/wp\/v2\/posts"}],"about":[{"href":"https:\/\/staging.ivg.it\/ediapi\/wp\/v2\/types\/post"}],"author":[{"embeddable":true,"href":"https:\/\/staging.ivg.it\/ediapi\/wp\/v2\/users\/12120"}],"replies":[{"embeddable":true,"href":"https:\/\/staging.ivg.it\/ediapi\/wp\/v2\/comments?post=495225"}],"version-history":[{"count":0,"href":"https:\/\/staging.ivg.it\/ediapi\/wp\/v2\/posts\/495225\/revisions"}],"wp:attachment":[{"href":"https:\/\/staging.ivg.it\/ediapi\/wp\/v2\/media?parent=495225"}],"wp:term":[{"taxonomy":"category","embeddable":true,"href":"https:\/\/staging.ivg.it\/ediapi\/wp\/v2\/categories?post=495225"},{"taxonomy":"post_tag","embeddable":true,"href":"https:\/\/staging.ivg.it\/ediapi\/wp\/v2\/tags?post=495225"}],"curies":[{"name":"wp","href":"https:\/\/api.w.org\/{rel}","templated":true}]}}