{"id":494963,"date":"2020-04-18T17:45:07","date_gmt":"2020-04-18T15:45:07","guid":{"rendered":"http:\/\/www.ivg.it\/?p=494963"},"modified":"2020-04-18T17:45:07","modified_gmt":"2020-04-18T15:45:07","slug":"albenga-approvati-altri-interventi-per-la-sicurezza-delle-scuole","status":"publish","type":"post","link":"https:\/\/staging.ivg.it\/2020\/04\/albenga-approvati-altri-interventi-per-la-sicurezza-delle-scuole\/","title":{"rendered":"Albenga, approvati altri interventi per la sicurezza delle scuole"},"content":{"rendered":"<p><strong>Albenga.<\/strong> \u00c8 stato approvato dalla giunta del Comune di Albenga il progetto definitivo ed esecutivo riguardante il miglioramento sismico ed adeguamento antincendio delle scuole Paccini.<\/p>\n<p>L&#8217;intervento, il cui costo ammonta a 650 mila euro (in parte, 455 mila, finanziati dal Miur con Mutui Bei annualit\u00e0 2018) verr\u00e0 messo a gara e i lavori saranno assegnati verosimilmente a fine giugno.<\/p>\n<p>Nell&#8217;ottica di investimenti nelle scuole dell&#8217;amministrazione Tomatis, nel dicembre 2019 era stato approvato anche il progetto esecutivo dei lavori di adeguamento alla normativa sismica e antincendio del plesso scolastico Don Barbera di via degli Orti, del valore di 680 mila euro, in parte (476 mila) finanziati dal Piano di Protezione Civile.<\/p>\n<p>A vincere la gara l&#8217;impresa Marino e, decorsi i termini necessari per l&#8217;aggiudicazione definitiva, il Comune consegner\u00e0 i lavori che, quindi, potranno partire.<\/p>\n<p>Per quel che concerne l&#8217;adeguamento sismico del Liceo G. Bruno, il cui importo ammonta a 350 mila euro, l&#8217;impresa Glorio di San Bartolomeo al Mare, che si \u00e8 aggiudicata la gara, \u00e8 pronta a cominciare i lavori non appena le disposizioni del Governo lo permetteranno.<\/p>\n<p>Sempre in materia di lavori pubblici il vicesindaco Alberto Passino comunica che luned\u00ec ripartir\u00e0 l&#8217;intervento di somma urgenza di Salita Fatima.<\/p>\n<p>&#8220;Con gli uffici &#8211; afferma Passino &#8211; stiamo cercando di riprogrammare tutti quegli interventi che, per disposizione dei Decreti Ministeriali e del Consiglio dei Ministri emanati a seguito della crisi legata al Coronavirus, si sono dovuti sospendere. Stiamo provvedendo ad una loro calendarizzazione condizionata, per\u00f2, alla riapertura degli impianti per i cementi armati e a tante altre dinamiche per le quali ci sono dei tempi tecnici che vanno rispettati. L&#8217;intenzione e l&#8217;indirizzo politico dell&#8217;amministrazione \u00e8 quello di azzerare il pi\u00f9 possibile tutti i tempi morti per iniziare nuovamente, sul territorio comunale, quei cantieri e opere pubbliche che sono le risposte attese da tempo e che l&#8217;amministrazione ha tutta l&#8217;intenzione di voler dare in maniera decisa rispetto a un contesto che ha generato il blocco totale dell&#8217;economia. Ritengo che questo sia un segnale positivo per tornare alla normalit\u00e0 e abbiamo tutta l&#8217;intenzione di procedere velocemente verso questo percorso&#8221;.<\/p>\n<p>&#8220;Ci stiamo lentamente allontanando dalla fase pi\u00f9 critica &#8211; spiega il sindaco Riccardo Tomatis -, dal punto di vista sanitario, di questo periodo e quindi possiamo iniziare a pensare al futuro. La ripartenza economica passa attraverso lavori importanti come quelli in programma ad Albenga. \u00c8 fondamentale aiutare le categorie oggi in difficolt\u00e0, ma \u00e8 altrettanto importante riuscire a dare a persone ed imprese quegli strumenti per poter ripartire e quindi incentivare quelle situazioni che possano creare posti di lavoro e riportare il prima possibile la situazione alla normalit\u00e0&#8221;.<\/p>\n<p>&#8220;Compatibilmente con le disponibilit\u00e0 delle imprese che devono eseguire gli interventi, dunque &#8211; conclude -, il Comune di Albenga vuole lanciare un forte messaggio di speranza e ripartenza che pu\u00f2 anche, almeno in parte, aiutare le imprese che hanno la possibilit\u00e0 di riprendere a lavorare&#8221;.<\/p>\n","protected":false},"excerpt":{"rendered":"<p>Luned\u00ec la ripartenza del cantiere di Salita Fatima<\/p>\n","protected":false},"author":18,"featured_media":0,"comment_status":"open","ping_status":"closed","sticky":false,"template":"","format":"standard","meta":{"footnotes":""},"categories":[45296,56],"tags":[100931,28592],"class_list":["post-494963","post","type-post","status-publish","format-standard","hentry","category-copertina","category-altre","tag-scuole-albenga","tag-scuole-paccini","post_cat_citta-albenga","post_tag_personaggi-alberto-passino","post_tag_personaggi-riccardo-tomatis-2"],"amp_validity":null,"amp_enabled":true,"_links":{"self":[{"href":"https:\/\/staging.ivg.it\/ediapi\/wp\/v2\/posts\/494963","targetHints":{"allow":["GET"]}}],"collection":[{"href":"https:\/\/staging.ivg.it\/ediapi\/wp\/v2\/posts"}],"about":[{"href":"https:\/\/staging.ivg.it\/ediapi\/wp\/v2\/types\/post"}],"author":[{"embeddable":true,"href":"https:\/\/staging.ivg.it\/ediapi\/wp\/v2\/users\/18"}],"replies":[{"embeddable":true,"href":"https:\/\/staging.ivg.it\/ediapi\/wp\/v2\/comments?post=494963"}],"version-history":[{"count":0,"href":"https:\/\/staging.ivg.it\/ediapi\/wp\/v2\/posts\/494963\/revisions"}],"wp:attachment":[{"href":"https:\/\/staging.ivg.it\/ediapi\/wp\/v2\/media?parent=494963"}],"wp:term":[{"taxonomy":"category","embeddable":true,"href":"https:\/\/staging.ivg.it\/ediapi\/wp\/v2\/categories?post=494963"},{"taxonomy":"post_tag","embeddable":true,"href":"https:\/\/staging.ivg.it\/ediapi\/wp\/v2\/tags?post=494963"}],"curies":[{"name":"wp","href":"https:\/\/api.w.org\/{rel}","templated":true}]}}