{"id":494961,"date":"2020-04-18T17:37:29","date_gmt":"2020-04-18T15:37:29","guid":{"rendered":"http:\/\/www.ivg.it\/?p=494961"},"modified":"2020-04-19T14:23:45","modified_gmt":"2020-04-19T12:23:45","slug":"mascherine-michelucci-italia-viva-creare-un-sistema-autonomo-di-produzione","status":"publish","type":"post","link":"https:\/\/staging.ivg.it\/2020\/04\/mascherine-michelucci-italia-viva-creare-un-sistema-autonomo-di-produzione\/","title":{"rendered":"Mascherine, Michelucci (Italia Viva): &#8220;Creare un sistema autonomo di produzione&#8221;"},"content":{"rendered":"<p><strong>Genova.<\/strong> &#8220;Le mascherine arrivano a singhiozzo, in molte zone non sono ancora arrivate ai cittadini. Giusto ragionare di come far ripartire la regione, ma prima tutti i cittadini devono avere i dispositivi di protezione&#8221;. Lo dichiara Juri Michelucci, capogruppo di Italia Viva in Regione Liguria.<\/p>\n<p>&#8220;Qualche settimana fa &#8211; prosegue &#8211; ho proposto l&#8217;avvio di un censimento per creare una rete fra le attivit\u00e0 liguri che possono produrre mascherine. La regione Toscana lo ha fatto, ha creato il &#8216;distretto delle protezioni&#8217; e ora pu\u00f2 distribuire gratuitamente circa 1,5 milioni di mascherine al giorno e fino a trenta mascherine a persona al mese&#8221;.<\/p>\n<p>&#8220;I cittadini devono sentirsi protetti &#8211; spiega &#8211; per questo occorre un&#8217;ordinanza che imponga l&#8217;utilizzo dei dispositivi di protezione, ma hanno altres\u00ec il diritto ad avere mascherine e guanti soprattutto se vogliamo seriamente parlare della fase 2 del Covid. Visto che questo non \u00e8 avvenuto chiedo a Toti e alla Giunta di creare un capitolo di bilancio destinato alla creazione di un sistema autonomo di produzione di mascherine affinch\u00e9 si possa coprire totalmente la domanda di mascherine dei cittadini e dei lavoratori liguri senza che vi siano speculazioni al rialzo di mercato&#8221;.<\/p>\n<p>&#8220;Anzich\u00e9 perdere tempo per stampare i loghi della Regione da mettere nelle mascherine si attivino per un sistema vero e proprio come ha gi\u00e0 fatto la Toscana&#8221; afferma Michelucci.<\/p>\n<p>Il capogruppo di Italia Viva, poi, interviene sulla questione asili privati. &#8220;Quello dei servizi educativi privati 0-6 \u00e8 una realt\u00e0 importante per la crescita dei nostri bambini &#8211; dice- ma rischia gravi conseguenze senza un aiuto serio e concreto, a causa dell&#8217;emergenza da Coronavirus. Per questo ho fatto mio il loro grido di allarme chiedendo al presidente Toti e alla giunta regionale di prevedere delle risorse a sostegno delle spese fisse che devono affrontare&#8221;.<\/p>\n<p>&#8220;I servizi educativi privati 0-6 infatti versano in una grave situazione di difficolt\u00e0 costretti alla chiusura da pi\u00f9 di un mese ma che hanno mantenuto praticamente tutti i costi fissi a loro carico senza pi\u00f9 poter contare sul pagamento delle rette da parte delle famiglie colpite a loro volta dalla crisi generale del mondo del lavoro, prima conseguenza di questa emergenza sanitaria. Per evitare un danno irreparabile, in alcuni casi anche la chiusura della struttura, allora \u00e8 necessario agire subito con aiuti concreti e mirati senza che il costo della crisi sia sostenuto dalle famiglie o dalle strutture stesse&#8221; conclude\u00a0Michelucci.<\/p>\n","protected":false},"excerpt":{"rendered":"<p>La critica alla Regione: &#8220;Si attivino per un sistema vero e proprio come ha gi\u00e0 fatto la Toscana&#8221;<\/p>\n","protected":false},"author":18,"featured_media":0,"comment_status":"open","ping_status":"closed","sticky":false,"template":"","format":"standard","meta":{"footnotes":""},"categories":[31],"tags":[111891,109857,112432],"class_list":["post-494961","post","type-post","status-publish","format-standard","hentry","category-politica","tag-coronavirus","tag-italia-viva","tag-mascherine","post_tag_personaggi-juri-michelucci"],"amp_validity":null,"amp_enabled":true,"_links":{"self":[{"href":"https:\/\/staging.ivg.it\/ediapi\/wp\/v2\/posts\/494961","targetHints":{"allow":["GET"]}}],"collection":[{"href":"https:\/\/staging.ivg.it\/ediapi\/wp\/v2\/posts"}],"about":[{"href":"https:\/\/staging.ivg.it\/ediapi\/wp\/v2\/types\/post"}],"author":[{"embeddable":true,"href":"https:\/\/staging.ivg.it\/ediapi\/wp\/v2\/users\/18"}],"replies":[{"embeddable":true,"href":"https:\/\/staging.ivg.it\/ediapi\/wp\/v2\/comments?post=494961"}],"version-history":[{"count":0,"href":"https:\/\/staging.ivg.it\/ediapi\/wp\/v2\/posts\/494961\/revisions"}],"wp:attachment":[{"href":"https:\/\/staging.ivg.it\/ediapi\/wp\/v2\/media?parent=494961"}],"wp:term":[{"taxonomy":"category","embeddable":true,"href":"https:\/\/staging.ivg.it\/ediapi\/wp\/v2\/categories?post=494961"},{"taxonomy":"post_tag","embeddable":true,"href":"https:\/\/staging.ivg.it\/ediapi\/wp\/v2\/tags?post=494961"}],"curies":[{"name":"wp","href":"https:\/\/api.w.org\/{rel}","templated":true}]}}