{"id":494732,"date":"2020-04-15T16:38:58","date_gmt":"2020-04-15T14:38:58","guid":{"rendered":"http:\/\/www.ivg.it\/?p=494732"},"modified":"2020-04-15T16:38:58","modified_gmt":"2020-04-15T14:38:58","slug":"loano-nella-notte-la-sanificazione-delle-strade-delle-olivette","status":"publish","type":"post","link":"https:\/\/staging.ivg.it\/2020\/04\/loano-nella-notte-la-sanificazione-delle-strade-delle-olivette\/","title":{"rendered":"Loano, nella notte la sanificazione delle strade delle Olivette"},"content":{"rendered":"<p><strong>Loano<\/strong>. Continuano le operazioni di sanificazione predisposte dall&#8217;ufficio ambiente del Comune di Loano e da Egea Ambiente (l&#8217;azienda che ha in gestione il servizio di nettezza urbana) per cercare di contrastare la diffusione del Covid-19.<\/p>\n<p>Dopo i parchi e le aree gioco per bambini, le strade e le piazze del centro maggiormente frequentate e la frazione di Verzi, questa volta ad essere interessata dalle operazioni di disinfezione sar\u00e0 la zona delle Olivette.<\/p>\n<p>A partire dalle 5 di domani, gioved\u00ec 16 aprile, un&#8217;autobotte effettuer\u00e0 la sanificazione di via Olivette, via Genova, via Quarto, via Calatafimi, via Marco Polo, via Pisa, via Venezia. Saranno oggetto di intervento anche i portici e le panchine di via Stella.<\/p>\n<p>Ad affiancare l&#8217;autobotte ci sar\u00e0 un operatore dotato di lancia, che interverr\u00e0 nelle aree pi\u00f9 difficili da raggiungere.<\/p>\n<p>A partire dalla stessa ora verr\u00e0 effettuato anche il lavaggio dei cassonetti presenti della parte bassa della \u201czona poeti\u201d, cio\u00e8 in via Foscolo, via Bergamo, via Como, via Ponchielli, via D&#8217;Annunzio, via Alba, via Puccini, via Giordano.<\/p>\n<p>Gli interventi di sanificazione continueranno anche nei prossimi giorni in altre zone della citt\u00e0.<\/p>\n","protected":false},"excerpt":{"rendered":"<p>Verr\u00e0 effettuato anche il lavaggio dei cassonetti presenti della parte bassa della \u201czona poeti\u201d<\/p>\n","protected":false},"author":12120,"featured_media":0,"comment_status":"open","ping_status":"closed","sticky":false,"template":"","format":"standard","meta":{"footnotes":""},"categories":[45296,34],"tags":[86171,111891],"class_list":["post-494732","post","type-post","status-publish","format-standard","hentry","category-copertina","category-cronaca","tag-comune-di-loano","tag-coronavirus","post_cat_citta-loano"],"amp_validity":null,"amp_enabled":true,"_links":{"self":[{"href":"https:\/\/staging.ivg.it\/ediapi\/wp\/v2\/posts\/494732","targetHints":{"allow":["GET"]}}],"collection":[{"href":"https:\/\/staging.ivg.it\/ediapi\/wp\/v2\/posts"}],"about":[{"href":"https:\/\/staging.ivg.it\/ediapi\/wp\/v2\/types\/post"}],"author":[{"embeddable":true,"href":"https:\/\/staging.ivg.it\/ediapi\/wp\/v2\/users\/12120"}],"replies":[{"embeddable":true,"href":"https:\/\/staging.ivg.it\/ediapi\/wp\/v2\/comments?post=494732"}],"version-history":[{"count":0,"href":"https:\/\/staging.ivg.it\/ediapi\/wp\/v2\/posts\/494732\/revisions"}],"wp:attachment":[{"href":"https:\/\/staging.ivg.it\/ediapi\/wp\/v2\/media?parent=494732"}],"wp:term":[{"taxonomy":"category","embeddable":true,"href":"https:\/\/staging.ivg.it\/ediapi\/wp\/v2\/categories?post=494732"},{"taxonomy":"post_tag","embeddable":true,"href":"https:\/\/staging.ivg.it\/ediapi\/wp\/v2\/tags?post=494732"}],"curies":[{"name":"wp","href":"https:\/\/api.w.org\/{rel}","templated":true}]}}