{"id":494730,"date":"2020-04-15T16:51:08","date_gmt":"2020-04-15T14:51:08","guid":{"rendered":"http:\/\/www.ivg.it\/?p=494730"},"modified":"2020-04-15T16:51:08","modified_gmt":"2020-04-15T14:51:08","slug":"savona-il-museo-all-about-apple-invita-allevento-di-beneficenza-out-of-the-ordinary","status":"publish","type":"post","link":"https:\/\/staging.ivg.it\/2020\/04\/savona-il-museo-all-about-apple-invita-allevento-di-beneficenza-out-of-the-ordinary\/","title":{"rendered":"Savona, il museo All About Apple invita all&#8217;evento di beneficenza &#8220;Out of the Ordinary&#8221;"},"content":{"rendered":"<p><strong>Savona<\/strong>. Il museo savonese <strong>All About Apple<\/strong>\u00a0in questo periodo, a causa dell\u2019emergenza Coronavirus, \u00e8 chiuso al pubblico senza una data precisa che stabilisca la riapertura. Per compensare questa fase di inaccessibilit\u00e0, il museo ha reso disponibile un <strong>tour virtuale interattivo a 360\u00b0<\/strong>, grazie al contributo di Fabrizio Pezzoli.<\/p>\n<p>&#8220;Recentemente siamo venuti a conoscenza di una speciale iniziativa, nata dalla fervida mente del giornalista e scrittore Gianluca Nicoletti, noto per i suoi apprezzatissimi podcast su Radio 24, che con il suo <strong>progetto-manifesto \u2018Cervelli Ribelli&#8217;<\/strong> affronta il delicato tema dell\u2019autismo e della dis(abilit\u00e0), raccontando la visione di chi affronta la societ\u00e0 in un modo diverso, imprevedibile, cogliendo variabili normalmente invisibili ai sistemi di pensiero stabilizzati&#8221; raccontano da All About Apple.<\/p>\n<p>&#8220;Da questo incontro, e soprattutto conoscendo personalmente Gianluca e suo figlio Tommy, \u00e8 nata l\u2019idea di aderire al suo progetto di un\u2019<strong>asta \u2018charity\u2019<\/strong>, alla quale chiunque avrebbe potuto partecipare, con la sola condizione di avere qualcosa di speciale, ribelle, particolare e unico da proporre &#8211; specificano dal museo &#8211; <strong>Out of the Ordinary \u00e8 un evento dedicato a ci\u00f2 che non \u00e8 omologabile e dare valore a ci\u00f2 che \u00e8 \u2018fuori dall\u2019ordinario&#8217;, un incontro di persone<\/strong> che, in maniera diversa, si sentono orgogliosamente bizzarre: non ordinarie nei gusti, nelle scelte estetiche, nell\u2019approccio alla vita, nelle curiosit\u00e0, nell\u2019inestinguibile anelito alla leggerezza dei pensieri&#8221;.<\/p>\n<p>&#8220;Tutto \u00e8 partito \u2013 ci spiega Nicoletti \u2013 da un\u2019idea: provare a mettere all\u2019asta i quadri di suo figlio Tommy, ragazzo artista con autismo; il connubio tra la Fondazione Nicoletti, BF Gallery e la casa d\u2019Aste Cambi ha concretizzato il progetto, al quale <strong>All About Apple partecipa con nove oggetti che fanno parte della storia del museo e di Apple stessa<\/strong>&#8220;.<\/p>\n<p>&#8220;La nostra presenza all\u2019asta Cervelli Ribelli \u00e8 un <strong>primo esperimento volto a far conoscere il museo<\/strong> anche in questo ambito, poich\u00e9 l\u2019immagine di All About Apple onlus \u00e8 quella di un museo \u2018<strong>vivo\u2019, dinamico, e aperto a nuove esperienze<\/strong> &#8211; racconta il team del museo savonese &#8211; Parte delle eventuali vendite \u00e8 previsto che venga destinato dalla Casa d\u2019Aste al Museo, per cui chi partecipa all\u2019asta aiuta indirettamente anche il museo. Ricordiamo infatti che <strong>All About Apple, per la sua natura di associazione di volontariato onlus, in quasi 20 anni di attivit\u00e0 ha sempre basato la propria sopravvivenza sulle proprie forze<\/strong>, senza alcuna firma di contributo esterno per le attivit\u00e0 ordinarie&#8221;.<\/p>\n<p>&#8220;<strong>L\u2019impossibilit\u00e0 di aprire al pubblico e di ricavare introiti dalla bigliettazione, che sar\u00e0 purtroppo assente per molti mesi, sta mettendo a rischio l\u2019intero progetto<\/strong>. Il ricavato dell\u2019asta, come previsto dal nostro statuto, verr\u00e0 utilizzato per il miglioramento e il sostentamento della sede espositiva e del magazzino, al fine di progredire qualitativamente nell\u2019allestimento per il pubblico e continuare a garantire il mantenimento del materiale conservato, nonostante le avversit\u00e0&#8221; ci tengono a dire dal museo.<\/p>\n<p>&#8220;L&#8217;asta Cervelli Ribelli \u2013 Out of Ordinary \u00e8 aperta a tutti. Se volete aggiudicarvi un pezzo di storia di Apple, e indirettamente aiutare Tommy e il museo Apple, andate sul sito Cambi Aste, registratevi e partecipate all\u2019asta. Trovate informazioni utili sulle modalit\u00e0 a questa pagina. Ricordiamo a tutti la possibilit\u00e0 di dare una mano alla missione del museo con un contributo diretto, partendo dalla pagina delle donazioni economiche &#8211; concludono dal museo &#8211;<strong> Le aziende che volessero dare un contributo finalizzato alla loro presenza sul sito del museo possono contattarci al nostro indirizzo info@allaboutapple.com<\/strong>&#8220;.<\/p>\n","protected":false},"excerpt":{"rendered":"<p>Il museo partecipa con nove oggetti che fanno parte della storia del museo e di Apple stessa<\/p>\n","protected":false},"author":18838,"featured_media":0,"comment_status":"open","ping_status":"closed","sticky":false,"template":"","format":"standard","meta":{"footnotes":""},"categories":[45296,56,57715],"tags":[9359],"class_list":["post-494730","post","type-post","status-publish","format-standard","hentry","category-copertina","category-altre","category-no-profit","tag-all-about-apple","post_cat_citta-savona"],"amp_validity":null,"amp_enabled":true,"_links":{"self":[{"href":"https:\/\/staging.ivg.it\/ediapi\/wp\/v2\/posts\/494730","targetHints":{"allow":["GET"]}}],"collection":[{"href":"https:\/\/staging.ivg.it\/ediapi\/wp\/v2\/posts"}],"about":[{"href":"https:\/\/staging.ivg.it\/ediapi\/wp\/v2\/types\/post"}],"author":[{"embeddable":true,"href":"https:\/\/staging.ivg.it\/ediapi\/wp\/v2\/users\/18838"}],"replies":[{"embeddable":true,"href":"https:\/\/staging.ivg.it\/ediapi\/wp\/v2\/comments?post=494730"}],"version-history":[{"count":0,"href":"https:\/\/staging.ivg.it\/ediapi\/wp\/v2\/posts\/494730\/revisions"}],"wp:attachment":[{"href":"https:\/\/staging.ivg.it\/ediapi\/wp\/v2\/media?parent=494730"}],"wp:term":[{"taxonomy":"category","embeddable":true,"href":"https:\/\/staging.ivg.it\/ediapi\/wp\/v2\/categories?post=494730"},{"taxonomy":"post_tag","embeddable":true,"href":"https:\/\/staging.ivg.it\/ediapi\/wp\/v2\/tags?post=494730"}],"curies":[{"name":"wp","href":"https:\/\/api.w.org\/{rel}","templated":true}]}}