{"id":494722,"date":"2020-04-15T15:48:24","date_gmt":"2020-04-15T13:48:24","guid":{"rendered":"http:\/\/www.ivg.it\/?p=494722"},"modified":"2020-04-15T15:51:01","modified_gmt":"2020-04-15T13:51:01","slug":"florovivaismo-coldiretti-liguria-necessarie-misure-demergenza-anche-a-livello-comunitario-ora","status":"publish","type":"post","link":"https:\/\/staging.ivg.it\/2020\/04\/florovivaismo-coldiretti-liguria-necessarie-misure-demergenza-anche-a-livello-comunitario-ora\/","title":{"rendered":"Florovivaismo, Coldiretti Liguria: &#8220;Necessarie ora misure d&#8217;emergenza anche a livello comunitario&#8221;"},"content":{"rendered":"<p><strong>Liguria<\/strong>. &#8220;Se il riconoscimento dello stato di calamit\u00e0 da parte della Regione \u00e8 stato un primo importante risultato per il sostegno delle aziende florovivaistiche colpite dalle conseguenze dell&#8217;emergenza sanitaria in atto, \u00e8 ora altrettanto importante ammettere che <strong>servono tutte le forze possibili per dare immediata liquidit\u00e0 alle imprese e favorire la futura ripresa del settore florovivaistico<\/strong>&#8220;.<\/p>\n<p>\u00c8 quanto afferma <strong>Coldiretti Liguria<\/strong>, nel ribadire la necessit\u00e0 di agire a tutti i livelli per richiedere <strong>aiuti a sostegno di uno dei settori di punta dell&#8217;economia ligure<\/strong>, colpito dalle conseguenze del Covid-19, a causa del perdurare della situazione di blocco dei mercati interno ed estero, con perdite che stanno mettendo in serie difficolt\u00e0 le oltre 4200 imprese presenti a livello regionale.<\/p>\n<p>&#8220;E&#8217; necessario, quindi, che vengano messe in campo <strong>misure d&#8217;emergenza anche a livello UE<\/strong> equiparabili allo stato di calamit\u00e0 &#8211; come previsto dall&#8217;Art. 221 del Regolamento 1308 sulla OCM (Organizzazione Comune di Mercato) &#8211; in modo da avere la possibilit\u00e0 di accedere a fondi europei per dare ristoro alle aziende pi\u00f9 duramente colpite&#8221; riprendono da Coldiretti Liguria.<\/p>\n<p>&#8220;I blocchi commerciali di diverse attivit\u00e0 hanno causato, inoltre, pesanti <strong>ripercussioni su tutto il comparto agricolo ed ittico locale<\/strong>, in special modo per i settori dell&#8217;agriturismo e della pesca per i quali \u00e8 stato chiesto alla Regione il riconoscimento dello stato di calamit\u00e0, mentre per tutti \u00e8 necessario prevedere misure straordinarie per dare immediate risposte alle aziende&#8221; aggiungono da Coldiretti.<\/p>\n<p>&#8220;Il buon funzionamento delle filiere produttive locali \u2013 affermano il presidente di Coldiretti Liguria <strong>Gianluca Boeri<\/strong> e il delegato confederale <strong>Bruno Rivarossa<\/strong> \u2013 riveste, allo stato attuale, una valenza significativa sia dal punto di vista economico sia sociale. Diviene dunque strategico, per dare respiro al sistema e per permettere alle imprese di risollevarsi, attivare tutte quelle formule e quegli strumenti, nazionali e comunitari, a supporto dei comparti&#8221;.<\/p>\n<p>&#8220;Per questo abbiamo chiesto alla Regione di sostenere, a sua volta, il riconoscimento di misure d&#8217;emergenza per il settore florovivaistico, equiparabili allo stato di calamit\u00e0, anche a livello comunitario, con le quali si potrebbe accedere a fondi europei specifici vista l&#8217;eccezionalit\u00e0 della situazione, e come gi\u00e0 richiesto da altri Stati, ad esempio l&#8217;Olanda&#8221; specificano Boeri e Rivarossa.<\/p>\n<p>&#8220;Questo, assieme alla richiesta fatta alla Regione, di una semplificazione dell&#8217;iter burocratico e snellimento delle procedure che permetta di dare liquidit\u00e0 alle imprese, potr\u00e0 essere un&#8217;ulteriore passo per portare il settore florovivaistico fuori dalla crisi che l&#8217;ha colpito nel momento dell&#8217;anno dove si concentra il massimo del fatturato annuo delle imprese, con la produzione e vendita di piante in vaso, fiori recisi e aromatiche&#8221;.<\/p>\n<p>&#8220;Ci teniamo comunque a precisare \u2013 riprendono Boeri e Rivarossa \u2013 che la situazione attuale pesa enormemente su tutti i settori agricoli e ittici locali ed \u00e8 quindi importante un diverso approccio e &#8216;<strong>strategia di intervento&#8217; per far fronte alle perdite subite<\/strong> a causa del blocco della relativa operativit\u00e0 e del mercato di riferimento. Sotto questo punto di vista l&#8217;attenzione \u00e8 necessario venga rivolta specialmente verso il settore agrituristico e quello della pesca e acquacoltura; due tasselli di primaria importanza nell&#8217;ambito del tessuto economico locale&#8221;.<\/p>\n<p>&#8220;Per questo abbiamo ribadito alla Regione la necessit\u00e0 che venga riconosciuto lo stato di calamit\u00e0 anche per questi settori, cos\u00ec da poter permettere l&#8217;attivazione del fondo di solidariet\u00e0 nazionale. Parallelamente rileviamo come risulti essenziale mantenere elevato il grado di attenzione sull&#8217;andamento e le dinamiche economiche e commerciali di settori quali quello ortofrutticolo, olivicolo, vitivinicolo e zootecnico da carne e da latte, affinch\u00e9 possano essere adottate le adeguate misure in termini di sostenibilit\u00e0 e continuit\u00e0 operativa&#8221; concludono Boeri e Rivarossa.<\/p>\n","protected":false},"excerpt":{"rendered":"<p>Coldiretti Liguria scrive alla Regione: &#8220;Serve l&#8217;intervento di tutte le istituzioni per garantire aiuti diretti e liquidit\u00e0 immediata&#8221;<\/p>\n","protected":false},"author":18838,"featured_media":0,"comment_status":"open","ping_status":"closed","sticky":false,"template":"","format":"standard","meta":{"footnotes":""},"categories":[45296,35,31],"tags":[560,59640,1501],"class_list":["post-494722","post","type-post","status-publish","format-standard","hentry","category-copertina","category-economia","category-politica","tag-agricoltura","tag-coldiretti-liguria","tag-florovivaismo","post_tag_personaggi-bruno-rivarossa","post_tag_personaggi-gianluca-boeri"],"amp_validity":null,"amp_enabled":true,"_links":{"self":[{"href":"https:\/\/staging.ivg.it\/ediapi\/wp\/v2\/posts\/494722","targetHints":{"allow":["GET"]}}],"collection":[{"href":"https:\/\/staging.ivg.it\/ediapi\/wp\/v2\/posts"}],"about":[{"href":"https:\/\/staging.ivg.it\/ediapi\/wp\/v2\/types\/post"}],"author":[{"embeddable":true,"href":"https:\/\/staging.ivg.it\/ediapi\/wp\/v2\/users\/18838"}],"replies":[{"embeddable":true,"href":"https:\/\/staging.ivg.it\/ediapi\/wp\/v2\/comments?post=494722"}],"version-history":[{"count":0,"href":"https:\/\/staging.ivg.it\/ediapi\/wp\/v2\/posts\/494722\/revisions"}],"wp:attachment":[{"href":"https:\/\/staging.ivg.it\/ediapi\/wp\/v2\/media?parent=494722"}],"wp:term":[{"taxonomy":"category","embeddable":true,"href":"https:\/\/staging.ivg.it\/ediapi\/wp\/v2\/categories?post=494722"},{"taxonomy":"post_tag","embeddable":true,"href":"https:\/\/staging.ivg.it\/ediapi\/wp\/v2\/tags?post=494722"}],"curies":[{"name":"wp","href":"https:\/\/api.w.org\/{rel}","templated":true}]}}