{"id":494450,"date":"2020-04-10T15:29:54","date_gmt":"2020-04-10T13:29:54","guid":{"rendered":"http:\/\/www.ivg.it\/?p=494450"},"modified":"2020-04-10T15:29:54","modified_gmt":"2020-04-10T13:29:54","slug":"coronavirus-tampone-dal-finestrino-dellauto-il-drive-through-arriva-a-savona-e-albenga","status":"publish","type":"post","link":"https:\/\/staging.ivg.it\/2020\/04\/coronavirus-tampone-dal-finestrino-dellauto-il-drive-through-arriva-a-savona-e-albenga\/","title":{"rendered":"Coronavirus, tampone dal finestrino dell&#8217;auto: il Drive Through arriva a Savona e Albenga"},"content":{"rendered":"<p><strong>Savona-Albenga.<\/strong> Drive Through, la pratica del tampone attraverso il finestrino dell&#8217;auto arriva anche a Savona e ad Albenga.<span class=\"Apple-converted-space\">\u00a0<\/span>\u00c8 stato recentemente allestito, ad uso dei due Comuni, un Centro sanitario mobile per l\u2019esecuzione dei tamponi rinofaringei.<\/p>\n<p>I pazienti convocati telefonicamente per essere sottoposti a tampone dovranno raggiungere la sede del Centro sanitario mobile con il proprio automezzo secondo il percorso pi\u00f9 breve e dovranno fare ritorno immediatamente al proprio domicilio senza fermate intermedie.<\/p>\n<p>\u201cA tale proposito, &#8211; hanno fatto sapere da Asl2, &#8211; si sottolinea quindi che tale attivit\u00e0 \u00e8 rivolta ad utenti con un percorso sanitario specifico gi\u00e0 attivato e definito dal Dipartimento di Prevenzione Asl2. Gli operatori in loco non possono in nessun modo erogare tale servizio ad altre persone\u201d.<\/p>\n","protected":false},"excerpt":{"rendered":"<p>Allestito ad uso dei due Comuni, un Centro sanitario mobile per l\u2019esecuzione dei tamponi rinofaringei<\/p>\n","protected":false},"author":18599,"featured_media":0,"comment_status":"open","ping_status":"closed","sticky":false,"template":"","format":"standard","meta":{"footnotes":""},"categories":[45296,34],"tags":[9032,111891,112928,112718],"class_list":["post-494450","post","type-post","status-publish","format-standard","hentry","category-copertina","category-cronaca","tag-asl2","tag-coronavirus","tag-drive-through","tag-tamponi","post_cat_citta-albenga","post_cat_citta-savona"],"amp_validity":null,"amp_enabled":true,"_links":{"self":[{"href":"https:\/\/staging.ivg.it\/ediapi\/wp\/v2\/posts\/494450","targetHints":{"allow":["GET"]}}],"collection":[{"href":"https:\/\/staging.ivg.it\/ediapi\/wp\/v2\/posts"}],"about":[{"href":"https:\/\/staging.ivg.it\/ediapi\/wp\/v2\/types\/post"}],"author":[{"embeddable":true,"href":"https:\/\/staging.ivg.it\/ediapi\/wp\/v2\/users\/18599"}],"replies":[{"embeddable":true,"href":"https:\/\/staging.ivg.it\/ediapi\/wp\/v2\/comments?post=494450"}],"version-history":[{"count":0,"href":"https:\/\/staging.ivg.it\/ediapi\/wp\/v2\/posts\/494450\/revisions"}],"wp:attachment":[{"href":"https:\/\/staging.ivg.it\/ediapi\/wp\/v2\/media?parent=494450"}],"wp:term":[{"taxonomy":"category","embeddable":true,"href":"https:\/\/staging.ivg.it\/ediapi\/wp\/v2\/categories?post=494450"},{"taxonomy":"post_tag","embeddable":true,"href":"https:\/\/staging.ivg.it\/ediapi\/wp\/v2\/tags?post=494450"}],"curies":[{"name":"wp","href":"https:\/\/api.w.org\/{rel}","templated":true}]}}