{"id":494424,"date":"2020-04-10T12:08:05","date_gmt":"2020-04-10T10:08:05","guid":{"rendered":"http:\/\/www.ivg.it\/?p=494424"},"modified":"2020-04-10T12:08:05","modified_gmt":"2020-04-10T10:08:05","slug":"albenga-lamministrazione-comunale-annulla-la-rata-cosap-per-il-trimestre-marzo-aprile-maggio","status":"publish","type":"post","link":"https:\/\/staging.ivg.it\/2020\/04\/albenga-lamministrazione-comunale-annulla-la-rata-cosap-per-il-trimestre-marzo-aprile-maggio\/","title":{"rendered":"Albenga, l&#8217;amministrazione comunale annulla la rata Cosap per il trimestre marzo-aprile-maggio"},"content":{"rendered":"<p><strong>Albenga.<\/strong> L&#8217;Amministrazione comunale di Albenga \u00e8 vicina ai commercianti che stanno vivendo un momento di particolare difficolt\u00e0 legato all&#8217;emergenza Coronavirus.\u2028Afferma l&#8217;Assessore Silvia Pelosi: &#8220;Abbiamo deciso doverosamente di andare incontro alle attivit\u00e0 commerciali cercando, per quanto di nostra competenza, di dare loro respiro in questo momento cos\u00ec tragico.<\/p>\n<p>Siamo in attesa di conoscere i provvedimenti governativi che sicuramente consentiranno\u00a0un sostegno economico e\u00a0finanziario ai Comuni: per quanto ci riguarda, tutte le risorse che ci saranno assegnate o che potremmo risparmiare (ad es. il rinvio al 2021 delle rate di pagamento dei mutui a carico dell&#8217;ente) saranno destinate integralmente a misure a favore del rilancio economico delle attivit\u00e0 produttive, commerciali e turistiche della citt\u00e0. Da parte nostra,\u00a0abbiamo gi\u00e0 deciso di annullare la\u00a0rata Cosap per il trimestre marzo-aprile-maggio a favore delle attivit\u00e0 che occupano suolo pubblico, fatti salvi ulteriori benefici qualora il periodo di\u00a0lockdown dovesse malauguratamente aumentare\u201d.<\/p>\n<p>Conclude l&#8217;assessore Pelosi \u201cNaturalmente quando si parla di conti pubblici, pur volendo prontamente prendere decisioni che possano dare un sollievo a tutte le categorie, bisogna essere sempre molto prudenti e comportarsi secondo i criteri del buon padre di famiglia per non prendere decisioni che potrebbero, in questo momento, mettere in difficolt\u00e0 il bilancio comunale e dover quindi interrompere o impedire lo svolgimento di molti servizi comunali ed il sostegno ai cittadini pi\u00f9 fragili e in difficolt\u00e0, che proprio in questo periodo sono ancor pi\u00f9 necessari. Faremo quindi quanto \u00e8 possibile per ridurre i tributi comunali, quali IMU e TARI (le cui scadenze saranno senz&#8217;altro prorogate). Tutti coloro che in questo momento stanno soffrendo la crisi economica in atto possono star certi che l&#8217;amministrazione operer\u00e0 per andare incontro alle\u00a0loro necessit\u00e0.&#8221;<\/p>\n<p><strong><a href=\"https:\/\/www.ivg.it\/tag\/coronavirus\/\" target=\"_blank\" rel=\"noopener\">TUTTI GLI AGGIORNAMENTI SULL&#8217;EMERGENZA<\/a><\/strong><\/p>\n","protected":false},"excerpt":{"rendered":"<p>L&#8217;assessore Pelosi: \u201cFaremo quanto \u00e8 possibile per ridurre i tributi comunali, quali IMU e TARI le cui scadenze saranno senz&#8217;altro prorogate\u201d<\/p>\n","protected":false},"author":17962,"featured_media":0,"comment_status":"open","ping_status":"closed","sticky":false,"template":"","format":"standard","meta":{"footnotes":""},"categories":[45296,56,35,31],"tags":[111891,2610],"class_list":["post-494424","post","type-post","status-publish","format-standard","hentry","category-copertina","category-altre","category-economia","category-politica","tag-coronavirus","tag-cosap","post_cat_citta-albenga","post_tag_personaggi-silvia-pelosi"],"amp_validity":null,"amp_enabled":true,"_links":{"self":[{"href":"https:\/\/staging.ivg.it\/ediapi\/wp\/v2\/posts\/494424","targetHints":{"allow":["GET"]}}],"collection":[{"href":"https:\/\/staging.ivg.it\/ediapi\/wp\/v2\/posts"}],"about":[{"href":"https:\/\/staging.ivg.it\/ediapi\/wp\/v2\/types\/post"}],"author":[{"embeddable":true,"href":"https:\/\/staging.ivg.it\/ediapi\/wp\/v2\/users\/17962"}],"replies":[{"embeddable":true,"href":"https:\/\/staging.ivg.it\/ediapi\/wp\/v2\/comments?post=494424"}],"version-history":[{"count":0,"href":"https:\/\/staging.ivg.it\/ediapi\/wp\/v2\/posts\/494424\/revisions"}],"wp:attachment":[{"href":"https:\/\/staging.ivg.it\/ediapi\/wp\/v2\/media?parent=494424"}],"wp:term":[{"taxonomy":"category","embeddable":true,"href":"https:\/\/staging.ivg.it\/ediapi\/wp\/v2\/categories?post=494424"},{"taxonomy":"post_tag","embeddable":true,"href":"https:\/\/staging.ivg.it\/ediapi\/wp\/v2\/tags?post=494424"}],"curies":[{"name":"wp","href":"https:\/\/api.w.org\/{rel}","templated":true}]}}