{"id":494290,"date":"2020-04-08T19:00:27","date_gmt":"2020-04-08T17:00:27","guid":{"rendered":"http:\/\/www.ivg.it\/?p=494290"},"modified":"2020-04-08T19:00:27","modified_gmt":"2020-04-08T17:00:27","slug":"coronavirus-anpi-replica-a-ciangherotti-il-25-aprile-dedicato-a-medici-e-infermieri-no-e-festa-di-tutti-i-partigiani","status":"publish","type":"post","link":"https:\/\/staging.ivg.it\/2020\/04\/coronavirus-anpi-replica-a-ciangherotti-il-25-aprile-dedicato-a-medici-e-infermieri-no-e-festa-di-tutti-i-partigiani\/","title":{"rendered":"Coronavirus, Anpi replica a Ciangherotti: &#8220;Il 25 Aprile dedicato a medici e infermieri? No, \u00e8 festa di tutti i partigiani&#8221;"},"content":{"rendered":"<p><strong>Albenga<\/strong>. Non si \u00e8 fatta attendere la replica dell&#8217;Anpi di Albenga alla proposta del consigliere di minoranza di Forza Italia, Eraldo Ciangherotti, di \u201cdedicare\u201d la festa del 25 Aprile ai medici e agli infermieri e a tutto il personale sanitario e non impegnato nella lotta al coronavirus.<\/p>\n<p>Il presidente di Anpi Albenga, Claude Acasto, si dice contrario: \u201cIl 25 Aprile resta e rester\u00e0 sempre la giornata della liberazione dal nazifascismo ed \u00e8 la festa di tutti i partigiani, questa giornata \u00e8 e rester\u00e0 sempre un valore indelebile per tutti gli italiani democratici\u201d.<\/p>\n<p>\u201cProponiamo invece che, quando il governo stabilir\u00e0 la fine di questa battaglia contro un nemico invisibile e subdolo, ecco che allora quella giornata sar\u00e0 la vera giornata da dedicare a chi ha combattuto in prima linea questo terribile virus\u201d.<\/p>\n","protected":false},"excerpt":{"rendered":"<p>Controproposta: &#8220;Dedicheremo loro la giornata in cui il governo stabilir\u00e0 la fine di questa battaglia contro un nemico invisibile e subdolo&#8221;<\/p>\n","protected":false},"author":12120,"featured_media":0,"comment_status":"open","ping_status":"closed","sticky":false,"template":"","format":"standard","meta":{"footnotes":""},"categories":[45296,34],"tags":[99987,111891],"class_list":["post-494290","post","type-post","status-publish","format-standard","hentry","category-copertina","category-cronaca","tag-anpi-albenga","tag-coronavirus","post_cat_citta-albenga","post_tag_personaggi-claude-acasto","post_tag_personaggi-eraldo-ciangherotti-2"],"amp_validity":null,"amp_enabled":true,"_links":{"self":[{"href":"https:\/\/staging.ivg.it\/ediapi\/wp\/v2\/posts\/494290","targetHints":{"allow":["GET"]}}],"collection":[{"href":"https:\/\/staging.ivg.it\/ediapi\/wp\/v2\/posts"}],"about":[{"href":"https:\/\/staging.ivg.it\/ediapi\/wp\/v2\/types\/post"}],"author":[{"embeddable":true,"href":"https:\/\/staging.ivg.it\/ediapi\/wp\/v2\/users\/12120"}],"replies":[{"embeddable":true,"href":"https:\/\/staging.ivg.it\/ediapi\/wp\/v2\/comments?post=494290"}],"version-history":[{"count":0,"href":"https:\/\/staging.ivg.it\/ediapi\/wp\/v2\/posts\/494290\/revisions"}],"wp:attachment":[{"href":"https:\/\/staging.ivg.it\/ediapi\/wp\/v2\/media?parent=494290"}],"wp:term":[{"taxonomy":"category","embeddable":true,"href":"https:\/\/staging.ivg.it\/ediapi\/wp\/v2\/categories?post=494290"},{"taxonomy":"post_tag","embeddable":true,"href":"https:\/\/staging.ivg.it\/ediapi\/wp\/v2\/tags?post=494290"}],"curies":[{"name":"wp","href":"https:\/\/api.w.org\/{rel}","templated":true}]}}