{"id":494277,"date":"2020-04-08T16:53:02","date_gmt":"2020-04-08T14:53:02","guid":{"rendered":"http:\/\/www.ivg.it\/?p=494277"},"modified":"2020-04-08T16:53:02","modified_gmt":"2020-04-08T14:53:02","slug":"alassio-lo-sblocca-cantieri-i-lavori-sulle-passeggiate","status":"publish","type":"post","link":"https:\/\/staging.ivg.it\/2020\/04\/alassio-lo-sblocca-cantieri-i-lavori-sulle-passeggiate\/","title":{"rendered":"Alassio, lo &#8220;Sblocca cantieri&#8221; i lavori sulle passeggiate"},"content":{"rendered":"<p><strong>Alassio<\/strong>. Grazie al decreto &#8220;Sblocca cantieri&#8221; giunge il via libera alla ripresa dei cantieri sospesi sulle passeggiate di Alassio: il secondo lotto di Passeggiata Baracca nel tratto dall&#8217;Hotel Savoia al Grand Hotel e l&#8217;intervento su Passeggiata Ciccione, nella zona antistante il Grand Hotel Mediterran\u00e9e.<\/p>\n<p>Compatibilmente con la disponibilit\u00e0 delle materie prime, la ditta incaricata potr\u00e0 concludere anche il cantiere a terra rispetto al pennello di Passeggiata Cadorna e gli asfalti sulla Via Aurelia.<\/p>\n<p>Subito dopo Pasqua, compatibilmente con la disponibilit\u00e0 delle materie prime, ripartiranno dunque tutti i cantieri, con l&#8217;obbiettivo di concludere i lavori per l&#8217;auspicata ripresa di relazioni e spostamenti:\u00a0&#8220;Respiriamo un clima di tiepida euforia &#8211; commenta Franca Giannotta, assessore ai lavori pubblici del Comune di Alassio &#8211; \u00e8 presto per festeggiare perch\u00e8 tanto, troppo \u00e8 ancora fermo al palo a causa dell&#8217;emergenza sanitaria che stiamo vivendo. Ma queste aperture e l&#8217;ufficializzazione del trasferimenti dei 3,7 milioni dei danni per la mareggiata del 2018 fanno tirare una boccata di ossigeno&#8221;<\/p>\n<p>&#8220;Proprio per quanto attiene il finanziamento per i danni subiti &#8211; aggiunge Giannotta- siamo particolarmente soddisfatti nell&#8217;aver visto riconosciute tutte le voci e le criticit\u00e0 segnalate e per le quali avevamo richiesto i finanziamenti. Devo per questo ringraziare la tempestivit\u00e0 e professionalit\u00e0 degli uffici che in tempi estremamente contingentati hanno gestito l&#8217;emergenza e predisposto gli atti per il riconoscimento dei danni subiti&#8221;.<\/p>\n<p>Nell&#8217;allegato al decreto vengono di fatto confermati i 2,5 milioni per la ricostruzione della spiaggia quale opera di difesa naturale del centro urbano; il resto del finanziamento servir\u00e0 per tutti i lavori che saranno eseguiti per riparare ai danni della mareggiata.<\/p>\n","protected":false},"excerpt":{"rendered":"<p>Subito dopo Pasqua via al completamento degli interventi su Passeggiata Baracca, Ciccione, sul Pennello di Passeggiata Cadorna e sugli asfalti della via Aurelia<\/p>\n","protected":false},"author":12120,"featured_media":0,"comment_status":"open","ping_status":"closed","sticky":false,"template":"","format":"standard","meta":{"footnotes":""},"categories":[45296,56],"tags":[13556,3635],"class_list":["post-494277","post","type-post","status-publish","format-standard","hentry","category-copertina","category-altre","tag-comune-di-alassio","tag-lavori-pubblici","post_cat_citta-alassio","post_tag_personaggi-franca-giannotta"],"amp_validity":null,"amp_enabled":true,"_links":{"self":[{"href":"https:\/\/staging.ivg.it\/ediapi\/wp\/v2\/posts\/494277","targetHints":{"allow":["GET"]}}],"collection":[{"href":"https:\/\/staging.ivg.it\/ediapi\/wp\/v2\/posts"}],"about":[{"href":"https:\/\/staging.ivg.it\/ediapi\/wp\/v2\/types\/post"}],"author":[{"embeddable":true,"href":"https:\/\/staging.ivg.it\/ediapi\/wp\/v2\/users\/12120"}],"replies":[{"embeddable":true,"href":"https:\/\/staging.ivg.it\/ediapi\/wp\/v2\/comments?post=494277"}],"version-history":[{"count":0,"href":"https:\/\/staging.ivg.it\/ediapi\/wp\/v2\/posts\/494277\/revisions"}],"wp:attachment":[{"href":"https:\/\/staging.ivg.it\/ediapi\/wp\/v2\/media?parent=494277"}],"wp:term":[{"taxonomy":"category","embeddable":true,"href":"https:\/\/staging.ivg.it\/ediapi\/wp\/v2\/categories?post=494277"},{"taxonomy":"post_tag","embeddable":true,"href":"https:\/\/staging.ivg.it\/ediapi\/wp\/v2\/tags?post=494277"}],"curies":[{"name":"wp","href":"https:\/\/api.w.org\/{rel}","templated":true}]}}