{"id":494193,"date":"2020-04-07T17:01:35","date_gmt":"2020-04-07T15:01:35","guid":{"rendered":"http:\/\/www.ivg.it\/?p=494193"},"modified":"2020-04-07T17:01:35","modified_gmt":"2020-04-07T15:01:35","slug":"coronavirus-tosi-m5s-criticita-del-servizio-sanitario-ligure-non-possono-essere-risolte-con-la-privatizzazione","status":"publish","type":"post","link":"https:\/\/staging.ivg.it\/2020\/04\/coronavirus-tosi-m5s-criticita-del-servizio-sanitario-ligure-non-possono-essere-risolte-con-la-privatizzazione\/","title":{"rendered":"Coronavirus, Tosi (M5S): &#8220;Criticit\u00e0 del servizio sanitario ligure non possono essere risolte con la privatizzazione&#8221;"},"content":{"rendered":"<p><strong>Regione<\/strong>. &#8220;\u00c8 evidente a tutti ormai che l&#8217;epidemia di Coronavirus sta cambiando rapidamente condizioni sanitarie, abitudini di vita, relazioni sociali e attivit\u00e0 economiche: non si pu\u00f2 tacere, in particolare, sulla grave situazione sanitaria che sta coinvolgendo, giorno dopo giorno, il nostro Paese, non esclusa la nostra Regione&#8221;, ha dichiarato il consigliere regionale del M5S\u00a0<strong>Fabio Tosi<\/strong> intervenendo in teleconferenza nell&#8217;odierna seduta consiliare.<\/p>\n<p>&#8220;L&#8217;emergenza ha messo in luce quanto sapevamo gi\u00e0: non possiamo pi\u00f9 rimandare il rafforzamento del servizio sanitario pubblico, il quale, con i suoi operatori, in questi giorni sta fronteggiando con grande impegno la grave domanda dei cittadini. Uno degli elementi di maggior criticit\u00e0 \u00e8 stata proprio la capacit\u00e0 dei nostri ospedali di assorbire l&#8217;impatto dell&#8217;epidemia, con particolare riferimento ai posti letto in terapia intensiva, alle attrezzature idonee, e alle dimensioni numeriche dell&#8217;organico per affrontare quest&#8217;emergenza&#8221; continua Tosi.<\/p>\n<p>Poi riprende: &#8220;Invece, questa giunta \u00e8 andata in senso contrario: ha deliberato e confermato l&#8217;<strong>affidamento in concessione ai privati della gestione degli ospedali<\/strong> Saint Charles di Bordighera, <strong>San Giuseppe di Cairo<\/strong> e <strong>Santa Maria Misericordia di Albenga<\/strong>. E ha gettato il seme che dar\u00e0 il via al processo di privatizzazione parziale anche dell&#8217;Ospedale di Nostra Signora di Montallegro a Rapallo, il penultimo nuovo nosocomio della nostra regione e ha dunque tutte le carte in regola per funzionare alla perfezione, anche senza l&#8217;intervento privato&#8221;.<\/p>\n<p>&#8220;Alla luce della gravissima situazione che stiamo vivendo, tali progetti risultano ancor pi\u00f9 inaccettabili &#8211; aggiunge il consigliere pentastellato &#8211; Mai come adesso appare evidente che <strong>la salute non \u00e8 in vendita e non la si pu\u00f2 privatizzare<\/strong>. In questi anni abbiamo assistito, con accelerazione allarmante, a continui attacchi che portano inevitabilmente a due tipi di sistema: un servizio sanitario pubblico per i meno abbienti e una sanit\u00e0 privata per chi la pu\u00f2 pagare&#8221;.<\/p>\n<p>&#8220;Nonostante sia evidente ormai l&#8217;importanza di sospendere il percorso di privatizzazione del servizio sanitario pubblico programmato, e in parte gi\u00e0 intrapreso, in Regione; nonostante sia vitale, in particolare, sospendere l&#8217;emanazione del bando per l&#8217;assegnazione a privati di una parte dell&#8217;Ospedale di Rapallo; e nonostante sia fondamentale procedere all&#8217;assunzione stabile di nuovo personale sanitario, al fine di potenziare un organico che negli ultimi anni \u00e8 stato pesantemente sottodimensionato ed \u00e8 risultato numericamente non idoneo a fronteggiare situazioni di emergenza, la maggioranza ha pensato bene di voltarsi ancora una volta dall&#8217;altra parte e respingere un ordine del giorno che difende la sanit\u00e0 pubblica&#8221; conclude Tosi.<\/p>\n","protected":false},"excerpt":{"rendered":"<p>&#8220;La giunta ha deliberato e confermato l&#8217;affidamento in concessione ai privati della gestione degli ospedali San Giuseppe di Cairo e Santa Maria Misericordia di Albenga&#8221; <\/p>\n","protected":false},"author":18838,"featured_media":0,"comment_status":"open","ping_status":"closed","sticky":false,"template":"","format":"standard","meta":{"footnotes":""},"categories":[56],"tags":[111891,29875,111],"class_list":["post-494193","post","type-post","status-publish","format-standard","hentry","category-altre","tag-coronavirus","tag-movimento-5-stelle","tag-sanita","post_tag_personaggi-fabio-tosi"],"amp_validity":null,"amp_enabled":true,"_links":{"self":[{"href":"https:\/\/staging.ivg.it\/ediapi\/wp\/v2\/posts\/494193","targetHints":{"allow":["GET"]}}],"collection":[{"href":"https:\/\/staging.ivg.it\/ediapi\/wp\/v2\/posts"}],"about":[{"href":"https:\/\/staging.ivg.it\/ediapi\/wp\/v2\/types\/post"}],"author":[{"embeddable":true,"href":"https:\/\/staging.ivg.it\/ediapi\/wp\/v2\/users\/18838"}],"replies":[{"embeddable":true,"href":"https:\/\/staging.ivg.it\/ediapi\/wp\/v2\/comments?post=494193"}],"version-history":[{"count":0,"href":"https:\/\/staging.ivg.it\/ediapi\/wp\/v2\/posts\/494193\/revisions"}],"wp:attachment":[{"href":"https:\/\/staging.ivg.it\/ediapi\/wp\/v2\/media?parent=494193"}],"wp:term":[{"taxonomy":"category","embeddable":true,"href":"https:\/\/staging.ivg.it\/ediapi\/wp\/v2\/categories?post=494193"},{"taxonomy":"post_tag","embeddable":true,"href":"https:\/\/staging.ivg.it\/ediapi\/wp\/v2\/tags?post=494193"}],"curies":[{"name":"wp","href":"https:\/\/api.w.org\/{rel}","templated":true}]}}