{"id":494179,"date":"2020-04-07T15:28:32","date_gmt":"2020-04-07T13:28:32","guid":{"rendered":"http:\/\/www.ivg.it\/?p=494179"},"modified":"2020-04-07T15:28:32","modified_gmt":"2020-04-07T13:28:32","slug":"coronavirus-ciangherotti-fi-medici-e-infermieri-protagonisti-del-25-aprile","status":"publish","type":"post","link":"https:\/\/staging.ivg.it\/2020\/04\/coronavirus-ciangherotti-fi-medici-e-infermieri-protagonisti-del-25-aprile\/","title":{"rendered":"Coronavirus, Ciangherotti (FI): &#8220;Medici e infermieri protagonisti del 25 Aprile&#8221;"},"content":{"rendered":"<p><strong>Albenga<\/strong>. Medici ed infermieri protagonisti del 25 Aprile. E&#8217; la proposta lanciata dal consigliere comunale di Forza Italia di Albenga Eraldo Ciangherotti.<\/p>\n<p>\u201cNon sar\u00e0 un 25 Aprile come quelli che siamo abituati a festeggiare abitualmente, quest&#8217;anno siamo nel pieno di una lotta di Liberazione contro un invasore subdolo che ha stravolto le nostre vite. Siamo tutti coinvolti nella guerra, ma come nel 1943, c&#8217;\u00e8 chi lotta in prima linea: i medici, gli infermieri, i volontari di Croce Rossa e Anpas, della protezione civile. Per Albenga il 25 Aprile 2020 doveva essere una data storica, con la consegna della Medaglia d&#8217;Oro al Valore Civile alla citt\u00e0\u201d.<\/p>\n<p>\u201cEbbene, in queste condizioni, chiedo alla politica tutta di trovare un punto di unit\u00e0: lasciamo stare i comizi dei politici di qualsiasi colore, diamo la parola a chi \u00e8 in prima linea per salvare vite umane, spesso a rischio della propria. La mia proposta \u00e8 di affidare l&#8217;orazione ufficiale a chi \u00e8 in trincea, in montagna se proprio vogliamo ricordare quel che successe allora, al dottor Corti, presidente dell&#8217;ordine dei medici savonesi e primario del pronto soccorso di Albenga e Pietra Ligure, e al presidente degli infermieri della provincia di Savona. Niente passerelle, ma concretezza contro un nemico subdolo e pericoloso. E cantiamo l&#8217;inno nazionale, in attesa di cantare nuovamente &#8216;Bella Ciao&#8217; quando l&#8217;invasore Covid 19 sar\u00e0 debellato\u201d.<\/p>\n","protected":false},"excerpt":{"rendered":"<p>&#8220;Lasciamo stare i comizi dei politici di qualsiasi colore, diamo la parola a chi \u00e8 in prima linea per salvare vite umane&#8221;<\/p>\n","protected":false},"author":12120,"featured_media":0,"comment_status":"open","ping_status":"closed","sticky":false,"template":"","format":"standard","meta":{"footnotes":""},"categories":[45296,31],"tags":[8980,111891,62652],"class_list":["post-494179","post","type-post","status-publish","format-standard","hentry","category-copertina","category-politica","tag-25-aprile","tag-coronavirus","tag-forza-italia-albenga","post_cat_citta-albenga","post_tag_personaggi-eraldo-ciangherotti-2"],"amp_validity":null,"amp_enabled":true,"_links":{"self":[{"href":"https:\/\/staging.ivg.it\/ediapi\/wp\/v2\/posts\/494179","targetHints":{"allow":["GET"]}}],"collection":[{"href":"https:\/\/staging.ivg.it\/ediapi\/wp\/v2\/posts"}],"about":[{"href":"https:\/\/staging.ivg.it\/ediapi\/wp\/v2\/types\/post"}],"author":[{"embeddable":true,"href":"https:\/\/staging.ivg.it\/ediapi\/wp\/v2\/users\/12120"}],"replies":[{"embeddable":true,"href":"https:\/\/staging.ivg.it\/ediapi\/wp\/v2\/comments?post=494179"}],"version-history":[{"count":0,"href":"https:\/\/staging.ivg.it\/ediapi\/wp\/v2\/posts\/494179\/revisions"}],"wp:attachment":[{"href":"https:\/\/staging.ivg.it\/ediapi\/wp\/v2\/media?parent=494179"}],"wp:term":[{"taxonomy":"category","embeddable":true,"href":"https:\/\/staging.ivg.it\/ediapi\/wp\/v2\/categories?post=494179"},{"taxonomy":"post_tag","embeddable":true,"href":"https:\/\/staging.ivg.it\/ediapi\/wp\/v2\/tags?post=494179"}],"curies":[{"name":"wp","href":"https:\/\/api.w.org\/{rel}","templated":true}]}}