{"id":494067,"date":"2020-04-06T12:48:47","date_gmt":"2020-04-06T10:48:47","guid":{"rendered":"http:\/\/www.ivg.it\/?p=494067"},"modified":"2020-04-06T12:48:47","modified_gmt":"2020-04-06T10:48:47","slug":"mascherine-michelucci-italia-viva-mettere-a-sistema-tutta-la-produzione","status":"publish","type":"post","link":"https:\/\/staging.ivg.it\/2020\/04\/mascherine-michelucci-italia-viva-mettere-a-sistema-tutta-la-produzione\/","title":{"rendered":"Mascherine, Michelucci (Italia Viva): &#8220;Mettere a sistema tutta la produzione&#8221;"},"content":{"rendered":"<p><strong>Genova.<\/strong> &#8220;La mascherina \u00e8 un dispositivo di sicurezza sanitario che sar\u00e0 necessario anche nella fase 2 del Covid 19. Artigiani, professionisti, cittadini ne avranno necessit\u00e0 ogni giorno. Per questo con un&#8217;interrogazione al presidente Toti ho chiesto di mettere a sistema tutta la produzione che si \u00e8 attivata e si attiver\u00e0 nella nostra regione. In sinergia con i comuni, con le camere di commercio, le associazioni occorre un censimento per capire quali sono le attivit\u00e0 che hanno ottenuto stanno ottenendo il via libera dall&#8217;Istituto Superiore della Sanit\u00e0 per la realizzazione di mascherine anti contagio&#8221;. Lo dichiara Juri Michelucci, capogruppo di Italia Viva in Regione Liguria.<\/p>\n<p>&#8220;L&#8217;emergenza da Coronavirus durer\u00e0 ancora per molto tempo &#8211; prosegue Michelucci &#8211; e gradualmente dovremo imparare a conviverci continuando ad usare dispositivi di sicurezza e a mettere in pratica norme di buona igiene. Molte saranno le richieste di mascherine da parte di personale sanitario e lavoratori, per cui ritengo utile avere gi\u00e0 a disposizione un censimento che possa agevolare il coordinamento tra domanda ed offerta di mascherine anticontagio. In questo modo tutti i cittadini liguri possano avere la possibilit\u00e0 di accedervi e di disporne in totale normalit\u00e0&#8221;.<\/p>\n","protected":false},"excerpt":{"rendered":"<p>&#8220;Ritengo utile avere gi\u00e0 a disposizione un censimento che possa agevolare il coordinamento tra domanda ed offerta&#8221;<\/p>\n","protected":false},"author":18,"featured_media":0,"comment_status":"open","ping_status":"closed","sticky":false,"template":"","format":"standard","meta":{"footnotes":""},"categories":[56],"tags":[109857,112432],"class_list":["post-494067","post","type-post","status-publish","format-standard","hentry","category-altre","tag-italia-viva","tag-mascherine","post_tag_personaggi-juri-michelucci"],"amp_validity":null,"amp_enabled":true,"_links":{"self":[{"href":"https:\/\/staging.ivg.it\/ediapi\/wp\/v2\/posts\/494067","targetHints":{"allow":["GET"]}}],"collection":[{"href":"https:\/\/staging.ivg.it\/ediapi\/wp\/v2\/posts"}],"about":[{"href":"https:\/\/staging.ivg.it\/ediapi\/wp\/v2\/types\/post"}],"author":[{"embeddable":true,"href":"https:\/\/staging.ivg.it\/ediapi\/wp\/v2\/users\/18"}],"replies":[{"embeddable":true,"href":"https:\/\/staging.ivg.it\/ediapi\/wp\/v2\/comments?post=494067"}],"version-history":[{"count":0,"href":"https:\/\/staging.ivg.it\/ediapi\/wp\/v2\/posts\/494067\/revisions"}],"wp:attachment":[{"href":"https:\/\/staging.ivg.it\/ediapi\/wp\/v2\/media?parent=494067"}],"wp:term":[{"taxonomy":"category","embeddable":true,"href":"https:\/\/staging.ivg.it\/ediapi\/wp\/v2\/categories?post=494067"},{"taxonomy":"post_tag","embeddable":true,"href":"https:\/\/staging.ivg.it\/ediapi\/wp\/v2\/tags?post=494067"}],"curies":[{"name":"wp","href":"https:\/\/api.w.org\/{rel}","templated":true}]}}