{"id":494063,"date":"2020-04-06T12:08:47","date_gmt":"2020-04-06T10:08:47","guid":{"rendered":"http:\/\/www.ivg.it\/?p=494063"},"modified":"2020-04-06T12:11:35","modified_gmt":"2020-04-06T10:11:35","slug":"in-casa-con-la-febbre-insieme-a-mio-marito-ma-dallasl-ancora-nessun-tampone-lo-sfogo-di-una-donna","status":"publish","type":"post","link":"https:\/\/staging.ivg.it\/2020\/04\/in-casa-con-la-febbre-insieme-a-mio-marito-ma-dallasl-ancora-nessun-tampone-lo-sfogo-di-una-donna\/","title":{"rendered":"&#8220;In casa con la febbre insieme a mio marito, ma dall&#8217;Asl ancora nessun tampone&#8221;: lo sfogo di una donna"},"content":{"rendered":"<p><strong>Lettera.\u00a0<\/strong>Sono molto arrabbiata. Dal 14 marzo sono rinchiusa in casa con mio marito (che lavora all&#8217;istituto Domenico Trincheri di Albenga): prima \u00e8 stato male lui, ora sono io ad avere la febbre da pi\u00f9 di dieci giorni.<\/p>\n<p>Il problema \u00e8 che l&#8217;Asl ci sta chiamando dal 15 marzo ma &#8220;solo per statistica probabile&#8221;. Tutti i giorni ci dicono che vengono a farci il tampone e poi non vengono. Ne hanno fatto uno a mio marito e non \u00e8 andato bene. Ci dicono che siamo sotto controllo, ma non abbiamo ricevuto n\u00e9 noi n\u00e9 i nostri medici di base nessuna segnalazione ufficiale.<\/p>\n<p>Devo dire che mi sento davvero tanto presa in giro. Se i tamponi non ci sono, ci dite ce li fate fare e arrivederci, ma non che ci prendete in giro cos\u00ec. So che ci sono persone gravemente ammalate, ma questo non pu\u00f2 impedire di essere considerate delle persone e non dei numeri: almeno ora che siamo ancora in vita.<\/p>\n<p>Di fatto \u00e8 l&#8217;Asl che pu\u00f2 fare qualcosa in questa fase. Io vorrei essere visitata e solo loro possono farlo visto che hanno le protezioni.<\/p>\n<p>Una lettrice<\/p>\n","protected":false},"excerpt":{"rendered":"<p>&#8220;Tutti i giorni ci dicono che vengono a farci il tampone e poi non vengono&#8221;<\/p>\n","protected":false},"author":17962,"featured_media":0,"comment_status":"open","ping_status":"closed","sticky":false,"template":"","format":"standard","meta":{"footnotes":""},"categories":[56,34,120],"tags":[1021,111891],"class_list":["post-494063","post","type-post","status-publish","format-standard","hentry","category-altre","category-cronaca","category-lettere","tag-asl","tag-coronavirus"],"amp_validity":null,"amp_enabled":true,"_links":{"self":[{"href":"https:\/\/staging.ivg.it\/ediapi\/wp\/v2\/posts\/494063","targetHints":{"allow":["GET"]}}],"collection":[{"href":"https:\/\/staging.ivg.it\/ediapi\/wp\/v2\/posts"}],"about":[{"href":"https:\/\/staging.ivg.it\/ediapi\/wp\/v2\/types\/post"}],"author":[{"embeddable":true,"href":"https:\/\/staging.ivg.it\/ediapi\/wp\/v2\/users\/17962"}],"replies":[{"embeddable":true,"href":"https:\/\/staging.ivg.it\/ediapi\/wp\/v2\/comments?post=494063"}],"version-history":[{"count":0,"href":"https:\/\/staging.ivg.it\/ediapi\/wp\/v2\/posts\/494063\/revisions"}],"wp:attachment":[{"href":"https:\/\/staging.ivg.it\/ediapi\/wp\/v2\/media?parent=494063"}],"wp:term":[{"taxonomy":"category","embeddable":true,"href":"https:\/\/staging.ivg.it\/ediapi\/wp\/v2\/categories?post=494063"},{"taxonomy":"post_tag","embeddable":true,"href":"https:\/\/staging.ivg.it\/ediapi\/wp\/v2\/tags?post=494063"}],"curies":[{"name":"wp","href":"https:\/\/api.w.org\/{rel}","templated":true}]}}