{"id":493784,"date":"2020-04-02T16:50:47","date_gmt":"2020-04-02T14:50:47","guid":{"rendered":"http:\/\/www.ivg.it\/?p=493784"},"modified":"2020-04-02T16:54:09","modified_gmt":"2020-04-02T14:54:09","slug":"noi-per-savona-e-costa-luminosa","status":"publish","type":"post","link":"https:\/\/staging.ivg.it\/2020\/04\/noi-per-savona-e-costa-luminosa\/","title":{"rendered":"Noi per Savona e Costa Luminosa"},"content":{"rendered":"<p>Il Comitato direttivo di &#8220;Noi per Savona&#8221; ha assunto una giusta e coraggiosa posizione nel merito della vicenda riguardante la permanenza della nave Costa Luminosa nel porto di Savona, dopo che passeggeri ed equipaggio erano risultati loro malgrado protagonista dell&#8217;epidemia che sta martoriando il pianeta. Due di essi addirittura hanno perduto la vita nella nostra Citt\u00e0.<\/p>\n<p>Noi per Savona chiede al Sindaco, e credo che questa richiesta dovrebbe avere vasta eco e appoggio da pi\u00f9 parti, di farsi garante delle condizioni di agibilit\u00e0 della nave stessa nei confronti delle norme di salute pubblica oggi straordinariamente vigenti.<\/p>\n<p>Al testo del comunicato va aggiunto un solo punto che mi permetto di sottolineare: questa incresciosa situazione deriva dalla subalternit\u00e0 &#8220;storica&#8221; delle istituzioni savonesi e dei soggetti economici, in primis la ex-Autorit\u00e0 Portuale, agli interessi di Costa cui \u00e8 stato asservito il Porto di Savona, mentre quello di Vado \u00e8 stato consegnato alla piattaforma Maersk.<\/p>\n<p>Mi \u00e8 gi\u00e0 capitato di analizzare i complessivamente negativi riflessi che questa situazione ha comportato nel tempo sull&#8217;economia savonese, sia sotto l&#8217;aspetto portuale che commerciale e pi\u00f9 in generale nel complesso delle prospettive di sviluppo della Citt\u00e0 e del suo circondario.<\/p>\n<p>Non ritorno sull&#8217;argomento, mi pare per\u00f2 che risulti insopportabile essere succubi di Costa anche sul piano della salute pubblica proprio in questi tempi di emergenza e che la situazione andrebbe affrontata, dopo tanti ritardi, con una certa determinazione.<\/p>\n<p style=\"text-align: right;\"><strong>Franco Astengo<\/strong><\/p>\n","protected":false},"excerpt":{"rendered":"<p>Il Comitato direttivo di &#8220;Noi per Savona&#8221; ha assunto una giusta e coraggiosa posizione nel merito della vicenda riguardante la permanenza della nave Costa Luminosa nel porto di Savona, dopo che passeggeri ed equipaggio erano risultati loro malgrado protagonista dell&#8217;epidemia che sta martoriando il pianeta. Due di essi addirittura hanno perduto la vita nella nostra [&hellip;]<\/p>\n","protected":false},"author":18,"featured_media":0,"comment_status":"open","ping_status":"closed","sticky":false,"template":"","format":"standard","meta":{"footnotes":""},"categories":[120],"tags":[8085,10226],"class_list":["post-493784","post","type-post","status-publish","format-standard","hentry","category-lettere","tag-costa-luminosa","tag-noi-per-savona","post_cat_citta-savona"],"amp_validity":null,"amp_enabled":true,"_links":{"self":[{"href":"https:\/\/staging.ivg.it\/ediapi\/wp\/v2\/posts\/493784","targetHints":{"allow":["GET"]}}],"collection":[{"href":"https:\/\/staging.ivg.it\/ediapi\/wp\/v2\/posts"}],"about":[{"href":"https:\/\/staging.ivg.it\/ediapi\/wp\/v2\/types\/post"}],"author":[{"embeddable":true,"href":"https:\/\/staging.ivg.it\/ediapi\/wp\/v2\/users\/18"}],"replies":[{"embeddable":true,"href":"https:\/\/staging.ivg.it\/ediapi\/wp\/v2\/comments?post=493784"}],"version-history":[{"count":0,"href":"https:\/\/staging.ivg.it\/ediapi\/wp\/v2\/posts\/493784\/revisions"}],"wp:attachment":[{"href":"https:\/\/staging.ivg.it\/ediapi\/wp\/v2\/media?parent=493784"}],"wp:term":[{"taxonomy":"category","embeddable":true,"href":"https:\/\/staging.ivg.it\/ediapi\/wp\/v2\/categories?post=493784"},{"taxonomy":"post_tag","embeddable":true,"href":"https:\/\/staging.ivg.it\/ediapi\/wp\/v2\/tags?post=493784"}],"curies":[{"name":"wp","href":"https:\/\/api.w.org\/{rel}","templated":true}]}}