{"id":493713,"date":"2020-04-01T19:23:47","date_gmt":"2020-04-01T17:23:47","guid":{"rendered":"http:\/\/www.ivg.it\/?p=493713"},"modified":"2020-04-01T19:25:11","modified_gmt":"2020-04-01T17:25:11","slug":"coronavirus-stasera-il-decreto-che-proroga-i-divieti-al-13-aprile-venerdi-le-misure-sulla-scuola","status":"publish","type":"post","link":"https:\/\/staging.ivg.it\/2020\/04\/coronavirus-stasera-il-decreto-che-proroga-i-divieti-al-13-aprile-venerdi-le-misure-sulla-scuola\/","title":{"rendered":"Coronavirus: stasera il decreto che proroga i divieti al 13 aprile, venerd\u00ec le misure sulla scuola"},"content":{"rendered":"<p><strong>Liguria<\/strong>. Sar\u00e0 firmato questa sera dal premier Giuseppe Conte il Dpcm che proroga le restrizioni agli spostamenti per contrastare il diffondersi del contagio da coronavirus fino al 13 aprile.<\/p>\n<p>La proroga varr\u00e0 dal 4 aprile, alla scadenza delle precedenti misure, fino al giorno di Pasquetta. Vengono rinnovate tutte le limitazioni agli spostamenti e la chiusura delle attivit\u00e0 non essenziali. Nel decreto dovrebbe essere aggiunto un divieto per gli allenamenti degli atleti professionisti all&#8217;interno degli impianti. Ancora in dubbio (la bozza \u00e8 in fase di elaborazione) se vi sar\u00e0 una norma ad hoc sull&#8217;ora d&#8217;aria per i bambini.<\/p>\n<p>Venerd\u00ec invece potrebbe andare in consiglio dei ministri il provvedimento con le misure sulla scuola e anche sull&#8217;esame di stato. Il ministro Azzolina ha chiarito che le decisioni saranno prese a breve. Molto, rispetto agli esami, ma soprattutto alle promozioni e all&#8217;inizio del nuovo anno scolastico, dipender\u00e0 da un sempre pi\u00f9 eventuale rientro nelle aule a maggio. Se cos\u00ec non sar\u00e0 probabilmente il rientro a settembre sar\u00e0 anticipato e per gli studenti si fa sempre pi\u00f9 concreta l&#8217;ipotesi di una promozione per tutti s\u00ec ma non esattamente un &#8220;6 politico&#8221;: si potr\u00e0 essere promossi con debito da recuperare quindi all&#8217;inizio dell&#8217;anno prossimo.<\/p>\n<p>Incertezza anche sull&#8217;esame di stato. Quasi certamente alle superiori salter\u00e0 la seconda prova ma potrebbe essere mantenuta la prima.<\/p>\n","protected":false},"excerpt":{"rendered":"<p>Incertezza su rientro a maggio, possibili promozioni con debito e nuovo anno al via a inizio settembre<\/p>\n","protected":false},"author":12120,"featured_media":0,"comment_status":"open","ping_status":"closed","sticky":false,"template":"","format":"standard","meta":{"footnotes":""},"categories":[45296,34,31],"tags":[111891],"class_list":["post-493713","post","type-post","status-publish","format-standard","hentry","category-copertina","category-cronaca","category-politica","tag-coronavirus"],"amp_validity":null,"amp_enabled":true,"_links":{"self":[{"href":"https:\/\/staging.ivg.it\/ediapi\/wp\/v2\/posts\/493713","targetHints":{"allow":["GET"]}}],"collection":[{"href":"https:\/\/staging.ivg.it\/ediapi\/wp\/v2\/posts"}],"about":[{"href":"https:\/\/staging.ivg.it\/ediapi\/wp\/v2\/types\/post"}],"author":[{"embeddable":true,"href":"https:\/\/staging.ivg.it\/ediapi\/wp\/v2\/users\/12120"}],"replies":[{"embeddable":true,"href":"https:\/\/staging.ivg.it\/ediapi\/wp\/v2\/comments?post=493713"}],"version-history":[{"count":0,"href":"https:\/\/staging.ivg.it\/ediapi\/wp\/v2\/posts\/493713\/revisions"}],"wp:attachment":[{"href":"https:\/\/staging.ivg.it\/ediapi\/wp\/v2\/media?parent=493713"}],"wp:term":[{"taxonomy":"category","embeddable":true,"href":"https:\/\/staging.ivg.it\/ediapi\/wp\/v2\/categories?post=493713"},{"taxonomy":"post_tag","embeddable":true,"href":"https:\/\/staging.ivg.it\/ediapi\/wp\/v2\/tags?post=493713"}],"curies":[{"name":"wp","href":"https:\/\/api.w.org\/{rel}","templated":true}]}}