{"id":493656,"date":"2020-04-01T11:49:08","date_gmt":"2020-04-01T09:49:08","guid":{"rendered":"http:\/\/www.ivg.it\/?p=493656"},"modified":"2020-04-01T11:58:12","modified_gmt":"2020-04-01T09:58:12","slug":"coronavirus-italia-viva-perche-in-liguria-i-contagi-non-vengono-divisi-per-province","status":"publish","type":"post","link":"https:\/\/staging.ivg.it\/2020\/04\/coronavirus-italia-viva-perche-in-liguria-i-contagi-non-vengono-divisi-per-province\/","title":{"rendered":"Coronavirus, Italia Viva: &#8220;Perch\u00e9 in Liguria i dati dei contagi non vengono divisi per province?&#8221;"},"content":{"rendered":"<p><strong>Savona.<\/strong> I coordinatori provinciali della Liguria di Italia Viva, tra i quali i savonesi Danjia Stocca e Matteo Calcagno, intervengono per chiedere chiarezza in merito ai dati relativi ai contagiati da Covid-19 in Liguria.<\/p>\n<p>&#8220;I dati diffusi da Alisa ogni sera &#8211; affermano &#8211; non aiutano a comprendere l&#8217;andamento del contagio nel territorio, perch\u00e9 ci viene comunicato solo il numero complessivo dei contagi per l&#8217;intera Liguria. Il Sole 24 ore pubblica i dati del Ministero della Salute: per tutte le regioni indica il numero dei contagi complessivi e divisi per provincia, ma la Liguria manca probabilmente perch\u00e9 dalla regione non forniscono i dati. Siamo l&#8217;unica regione per cui i dati dei contagi non vengono divisi per province per quasi la met\u00e0 dei casi&#8221;.<\/p>\n<p>&#8220;Su 3.416 contagi complessivi, ben 1.590 non sono assegnati ad alcuna provincia &#8211; sottolineano gli esponenti di Italia Viva -. Il confronto con altre regioni \u00e8 impietoso, la vicina Toscana fornisce dati precisi per provincia, zero sono i contagi non assegnati. Lo stesso accade per l&#8217;Emilia Romagna. Ma anche una regione in grave emergenza come la Lombardia ha solo il 2% dei contagi non assegnati per provincia. Perch\u00e9 in Liguria la comunicazione dei contagi non segue i criteri della altre regioni? Cosa non funziona in Liguria?&#8221;.<\/p>\n<p>&#8220;\u00c8 diritto di ogni singolo territorio sapere quello che succede &#8211; concludono -. La Liguria \u00e8 indietro nella somministrazione dei tamponi, siamo sotto la media italiana e ben sotto le regioni pi\u00f9 colpite del nord ma molto avanti nel tasso di letalit\u00e0 rispetto ai contagiati (12,34%) secondi solo alla Lombardia. Chiediamo al presidente Toti di essere chiaro sulla politica di contrasto all&#8217;epidemia. Vogliamo che ai liguri sia fatto sapere il numero dei contagi divisi per territorio, il numero dei tamponi complessivi effettuati in Liguria con la percentuale dei positivi e gli stessi dati devono essere comunicati anche divisi per territorio&#8221;.<\/p>\n","protected":false},"excerpt":{"rendered":"<p>Gli esponenti del partito che fa capo a Renzi: &#8220;\u00c8 diritto di ogni singolo territorio sapere quello che succede&#8221;<\/p>\n","protected":false},"author":18,"featured_media":0,"comment_status":"open","ping_status":"closed","sticky":false,"template":"","format":"standard","meta":{"footnotes":""},"categories":[31],"tags":[111891,109857],"class_list":["post-493656","post","type-post","status-publish","format-standard","hentry","category-politica","tag-coronavirus","tag-italia-viva"],"amp_validity":null,"amp_enabled":true,"_links":{"self":[{"href":"https:\/\/staging.ivg.it\/ediapi\/wp\/v2\/posts\/493656","targetHints":{"allow":["GET"]}}],"collection":[{"href":"https:\/\/staging.ivg.it\/ediapi\/wp\/v2\/posts"}],"about":[{"href":"https:\/\/staging.ivg.it\/ediapi\/wp\/v2\/types\/post"}],"author":[{"embeddable":true,"href":"https:\/\/staging.ivg.it\/ediapi\/wp\/v2\/users\/18"}],"replies":[{"embeddable":true,"href":"https:\/\/staging.ivg.it\/ediapi\/wp\/v2\/comments?post=493656"}],"version-history":[{"count":0,"href":"https:\/\/staging.ivg.it\/ediapi\/wp\/v2\/posts\/493656\/revisions"}],"wp:attachment":[{"href":"https:\/\/staging.ivg.it\/ediapi\/wp\/v2\/media?parent=493656"}],"wp:term":[{"taxonomy":"category","embeddable":true,"href":"https:\/\/staging.ivg.it\/ediapi\/wp\/v2\/categories?post=493656"},{"taxonomy":"post_tag","embeddable":true,"href":"https:\/\/staging.ivg.it\/ediapi\/wp\/v2\/tags?post=493656"}],"curies":[{"name":"wp","href":"https:\/\/api.w.org\/{rel}","templated":true}]}}