{"id":493573,"date":"2020-03-31T11:09:59","date_gmt":"2020-03-31T09:09:59","guid":{"rendered":"http:\/\/www.ivg.it\/?p=493573"},"modified":"2020-03-31T11:09:59","modified_gmt":"2020-03-31T09:09:59","slug":"coronavirus-annullata-fior-dalbenga-2020-ma-il-comune-non-si-arrende-al-vaglio-iniziative-alternative","status":"publish","type":"post","link":"https:\/\/staging.ivg.it\/2020\/03\/coronavirus-annullata-fior-dalbenga-2020-ma-il-comune-non-si-arrende-al-vaglio-iniziative-alternative\/","title":{"rendered":"Coronavirus, annullata Fior d&#8217;Albenga 2020 ma il Comune non si arrende: &#8220;Al vaglio iniziative alternative&#8221;"},"content":{"rendered":"<p><strong>Albenga. <\/strong>Il Comitato Locale Turismo di\u00a0Albenga ha annunciato, seppur a malincuore, l&#8217;annullamento di una delle manifestazioni\u00a0principi della primavera\u00a0ingauna: Fior d&#8217;Albenga 2020\u00a0(che si sarebbe dovuta tenere il prossimo 11 aprile).<\/p>\n<p>Scelta condivisa anche dall\u2019ultimo tavolo verde e della stessa associazione Fior d\u2019Albenga prendendo atto della grave e perdurante situazione determinata dal Covid-19. Al vaglio dell&#8217;Amministrazione, del CLT e della stessa Associazione, per\u00f2, la possibilit\u00e0 di realizzare iniziative alternative.<\/p>\n<p>Tra le idee quella dei &#8220;balconi fioriti&#8221;, &#8220;iniziativa che rappresenter\u00e0 espressione di solidariet\u00e0 per il comparto agricolo e turistico che, alla pari di tutti i settori produttivi, sta soffrendo in questo momento sconvolgente che attraversa l\u2019intera comunit\u00e0. Al pi\u00f9 presto quindi seguiranno nuove informazioni su tale iniziativa rivolta a tutti i concittadini&#8221;.<\/p>\n<p>Afferma a tal proposito il sindaco Riccardo Tomatis: &#8220;In questo momento la nostra priorit\u00e0 deve necessariamente essere quella socio-sanitaria. Dobbiamo salvare le vite delle persone, tutelare la loro salute e far fronte alle emergenze sociali che, purtroppo, si stanno presentando. Albenga per\u00f2 non si arrende e, passata questa fase emergenziale, ripartir\u00e0. Proprio per questo la nostra intenzione \u00e8 quella di guardare in avanti, spostare gli eventi che possono essere spostati invece che annullarli, pensare a soluzioni alternative e al rilancio dell&#8217;immagine della nostra Citt\u00e0 la cui economia vede tra i settori trainanti, oltre quello legato al \u00a0florovivaismo, quello del turismo&#8221;.<\/p>\n<p>Proprio in quest&#8217;ottica l\u2019assessorato al turismo insieme all&#8217;ufficio, sta predisponendo due manifestazioni d&#8217;interesse, per individuare un esperto in marketing che possa studiare e rilanciare l&#8217;immagine di Albenga e l&#8217;altra per attivare un servizio di bike sharing all&#8217;interno del chiostro Ester Siccardi.<\/p>\n","protected":false},"excerpt":{"rendered":"<p>Tra le idee quella dei &#8220;balconi fioriti&#8221;, iniziativa che rappresenter\u00e0 espressione di solidariet\u00e0 per il comparto agricolo e turistico<\/p>\n","protected":false},"author":18599,"featured_media":0,"comment_status":"open","ping_status":"closed","sticky":false,"template":"","format":"standard","meta":{"footnotes":""},"categories":[56,34],"tags":[111891,8464,111892],"class_list":["post-493573","post","type-post","status-publish","format-standard","hentry","category-altre","category-cronaca","tag-coronavirus","tag-fior-dalbenga","tag-virus-cina","post_cat_citta-albenga","post_tag_personaggi-riccardo-tomatis-2"],"amp_validity":null,"amp_enabled":true,"_links":{"self":[{"href":"https:\/\/staging.ivg.it\/ediapi\/wp\/v2\/posts\/493573","targetHints":{"allow":["GET"]}}],"collection":[{"href":"https:\/\/staging.ivg.it\/ediapi\/wp\/v2\/posts"}],"about":[{"href":"https:\/\/staging.ivg.it\/ediapi\/wp\/v2\/types\/post"}],"author":[{"embeddable":true,"href":"https:\/\/staging.ivg.it\/ediapi\/wp\/v2\/users\/18599"}],"replies":[{"embeddable":true,"href":"https:\/\/staging.ivg.it\/ediapi\/wp\/v2\/comments?post=493573"}],"version-history":[{"count":0,"href":"https:\/\/staging.ivg.it\/ediapi\/wp\/v2\/posts\/493573\/revisions"}],"wp:attachment":[{"href":"https:\/\/staging.ivg.it\/ediapi\/wp\/v2\/media?parent=493573"}],"wp:term":[{"taxonomy":"category","embeddable":true,"href":"https:\/\/staging.ivg.it\/ediapi\/wp\/v2\/categories?post=493573"},{"taxonomy":"post_tag","embeddable":true,"href":"https:\/\/staging.ivg.it\/ediapi\/wp\/v2\/tags?post=493573"}],"curies":[{"name":"wp","href":"https:\/\/api.w.org\/{rel}","templated":true}]}}