{"id":49327,"date":"2009-02-06T17:17:06","date_gmt":"2009-02-06T16:17:06","guid":{"rendered":"http:\/\/www.ivg.it\/2009\/02\/06\/finale-trasferimento-piaggio-la-regione-media-per-lintesa\/"},"modified":"2009-02-07T12:08:51","modified_gmt":"2009-02-07T11:08:51","slug":"finale-trasferimento-piaggio-la-regione-media-per-lintesa","status":"publish","type":"post","link":"https:\/\/staging.ivg.it\/2009\/02\/finale-trasferimento-piaggio-la-regione-media-per-lintesa\/","title":{"rendered":"Finale, trasferimento Piaggio: la Regione preme sull&#8217;acceleratore"},"content":{"rendered":"<p><strong>[thumb:9627:l]Finale Ligure<\/strong>. La prossima settimana dovrebbe tenersi il vertice, annunciato ieri dal governatore regionale Burlando, per dare una svolta al processo di delocalizzazione della Piaggio. Gi\u00e0 questa mattina l&#8217;assessore regionale Carlo Ruggeri ha avviato i necessari contatti con l&#8217;azienda aeronautica, i sindacati, Legambiente ed il Comune di Finale Ligure. L&#8217;obiettivo \u00e8 quello di ricercare un&#8217;intesa che dia le pi\u00f9 ampie garanzie nell&#8217;ambito della tutela ambientale dell&#8217;area che sar\u00e0 lasciata libera dopo il trasferimento del sito produttivo a Villanova d&#8217;Albenga.<\/p>\n<p>&#8220;Legambiente ha giustamente manifestato l&#8217;esigenza di una piena e garantita salvaguardia dell&#8217;equilibrio del Sito di Interesse Comunitario la cui area \u00e8 parzialmente inclusa nel perimetro di intervento: su questo obiettivo, condiviso dalla Regione, si dovr\u00e0 ricercare una positiva e condivisa intesa fra tutte le parti &#8211; scrive in una nota Carlo Ruggeri &#8211; Nell&#8217;incontro occorrer\u00e0 inoltre verificare ed approfondire i parametri che riguardano il risparmio energetico ed ogni altro particolare aspetto utile ai fini della tutela ambientale&#8221;.<\/p>\n<p>&#8220;Il progetto Piaggio sta assumendo un profilo che sempre pi\u00f9 riguarda l&#8217;intero comparto economico e produttivo savonese, con aspetti dimensionali e qualitativi tali da ingenerare una sua positiva rivitalizzazione &#8211; prosegue l&#8217;assessore regionale all&#8217;urbanistica &#8211; Per questo la Regione \u00e8 impegnata a sostenere la realizzazione del Centro di Ricerca Piaggio nell&#8217;ambito del Campus Universitario. L&#8217;investimento necessario per realizzare i 4000 mq di uffici che dovranno diventare operativi entro il novembre prossimo, certamente travalica le forze dell&#8217;Universit\u00e0 e della Spes, ma trover\u00e0 sicuramente un adeguato sostegno da parte del sistema delle Autonomie locali e dalla Regione Liguria che sostiene e sosterr\u00e0 con convinzione un progetto che porter\u00e0 a pieno regime l&#8217;attivit\u00e0 di 350 ricercatori, ingegneri ed altri alti profili professionali, nella realt\u00e0 savonese. Gli incontri gi\u00e0 avviati in Regione con i rappresentanti Piaggio e il Presidente Spes, professor Schiesaro, hanno gi\u00e0 fornito utili e positive indicazioni per realizzare un progetto ambizioso ed importante&#8221;.<\/p>\n<p>Conclude Ruggeri: &#8220;Al fine di dare organicit\u00e0 e giusto rilievo ad aspetti cos\u00ec significativi del progetto Piaggio, il punto del Centro di ricerca, unitamente all&#8217;intesa fra la stessa azienda e le imprese locali relativa alle produzioni che potranno essere delocalizzate sul territorio savonese, faranno parte di un &#8216;&#8221;addendum&#8217; all&#8217;Accordo di Programma promosso dalla Regione Liguria e sottoscritto da tutti i soggetti coinvolti nell&#8217;iniziativa&#8221;.<\/p>\n","protected":false},"excerpt":{"rendered":"<p>[thumb:9627:l]Finale Ligure. La prossima settimana dovrebbe tenersi il vertice, annunciato ieri dal governatore regionale Burlando, per dare una svolta al processo di delocalizzazione della Piaggio. Gi\u00e0 questa mattina l&#8217;assessore regionale Carlo Ruggeri ha avviato i necessari contatti con l&#8217;azienda aeronautica, i sindacati, Legambiente ed il Comune di Finale Ligure. L&#8217;obiettivo \u00e8 quello di ricercare un&#8217;intesa [&hellip;]<\/p>\n","protected":false},"author":5,"featured_media":0,"comment_status":"open","ping_status":"closed","sticky":false,"template":"","format":"standard","meta":{"footnotes":""},"categories":[35,31],"tags":[612,1828,964,1817,1804,804,1132,295,2376,1816],"class_list":["post-49327","post","type-post","status-publish","format-standard","hentry","category-economia","category-politica","tag-aeronautica","tag-campus","tag-carlo-ruggeri","tag-industria","tag-investimento","tag-legambiente","tag-piaggio","tag-regione","tag-trasferimento","tag-urbanistica","post_cat_citta-finale-ligure","post_cat_citta-villanova-dalbenga"],"amp_validity":null,"amp_enabled":true,"_links":{"self":[{"href":"https:\/\/staging.ivg.it\/ediapi\/wp\/v2\/posts\/49327","targetHints":{"allow":["GET"]}}],"collection":[{"href":"https:\/\/staging.ivg.it\/ediapi\/wp\/v2\/posts"}],"about":[{"href":"https:\/\/staging.ivg.it\/ediapi\/wp\/v2\/types\/post"}],"author":[{"embeddable":true,"href":"https:\/\/staging.ivg.it\/ediapi\/wp\/v2\/users\/5"}],"replies":[{"embeddable":true,"href":"https:\/\/staging.ivg.it\/ediapi\/wp\/v2\/comments?post=49327"}],"version-history":[{"count":0,"href":"https:\/\/staging.ivg.it\/ediapi\/wp\/v2\/posts\/49327\/revisions"}],"wp:attachment":[{"href":"https:\/\/staging.ivg.it\/ediapi\/wp\/v2\/media?parent=49327"}],"wp:term":[{"taxonomy":"category","embeddable":true,"href":"https:\/\/staging.ivg.it\/ediapi\/wp\/v2\/categories?post=49327"},{"taxonomy":"post_tag","embeddable":true,"href":"https:\/\/staging.ivg.it\/ediapi\/wp\/v2\/tags?post=49327"}],"curies":[{"name":"wp","href":"https:\/\/api.w.org\/{rel}","templated":true}]}}