{"id":492971,"date":"2020-03-23T08:04:29","date_gmt":"2020-03-23T07:04:29","guid":{"rendered":"http:\/\/www.ivg.it\/?p=492971"},"modified":"2020-03-23T08:04:29","modified_gmt":"2020-03-23T07:04:29","slug":"meteo-venti-da-nord-e-crollo-delle-temperature-pioggia-attesa-mercoledi","status":"publish","type":"post","link":"https:\/\/staging.ivg.it\/2020\/03\/meteo-venti-da-nord-e-crollo-delle-temperature-pioggia-attesa-mercoledi\/","title":{"rendered":"Meteo: venti da nord e crollo delle temperature, pioggia attesa mercoled\u00ec"},"content":{"rendered":"<p><strong>Liguria<\/strong>. Masse d&#8217;aria decisamente pi\u00f9 fredde rispetto ai giorni scorsi investiranno la nostra penisola. A corredo di questa situazione sar\u00e0 possibile dell&#8217;instabilit\u00e0 da contrasto, in particolare da met\u00e0 settimana. Ecco le previsioni degli esperti del <strong>centro meteo Limet<\/strong> per le prossime ore e i prossimi giorni.<\/p>\n<p>Oggi,<strong> luned\u00ec 23 marzo<\/strong>, al mattino nubi sparse medio-alte in transito, inoltre saranno presenti nubi basse sui versanti padani, specie sul settore centro-occidentale. Tendenza a schiarite, specie lungo i versanti marittimi, sino a cielo in prevalenza sereno poco nuvoloso nel pomeriggio sulle coste, qualche nube in pi\u00f9 invece insister\u00e0 nelle zone interne e nei versanti padani. Venti tesi da nord a tratti forti. Mare stirato sotto costa, mosso al largo. Temperature in calo comprese sulla costa tra 5 e 13 gradi, nell&#8217;interno tra -3 e 10.<\/p>\n<p>Domani, <strong>marted\u00ec 24 marzo<\/strong>, soleggiato in mattinata. Nel pomeriggio possibile accentuazione dell&#8217;instabilit\u00e0 sui rilievi, con qualche locale rovescio non escluso, nevoso sopra i 500 metri. Lato costa sconfinamento di qualche nube ma in un contesto generalmente asciutto. Evoluzione comunque da confermare nel dettaglio. Temperature al di sotto della media.<\/p>\n<p><strong>Mercoled\u00ec 24 marzo<\/strong> possibile accentuazione dell&#8217;instabilit\u00e0 su tutta la regione. Clima freddo e ventoso. Previsione da approfondire nel corso dei prossimi bollettini.<\/p>\n","protected":false},"excerpt":{"rendered":"<p>Sono le previsioni degli esperti del centro meteo Limet<\/p>\n","protected":false},"author":10593,"featured_media":0,"comment_status":"open","ping_status":"closed","sticky":false,"template":"","format":"standard","meta":{"footnotes":""},"categories":[45296,34],"tags":[42023,652],"class_list":["post-492971","post","type-post","status-publish","format-standard","hentry","category-copertina","category-cronaca","tag-limet","tag-meteo"],"amp_validity":null,"amp_enabled":true,"_links":{"self":[{"href":"https:\/\/staging.ivg.it\/ediapi\/wp\/v2\/posts\/492971","targetHints":{"allow":["GET"]}}],"collection":[{"href":"https:\/\/staging.ivg.it\/ediapi\/wp\/v2\/posts"}],"about":[{"href":"https:\/\/staging.ivg.it\/ediapi\/wp\/v2\/types\/post"}],"author":[{"embeddable":true,"href":"https:\/\/staging.ivg.it\/ediapi\/wp\/v2\/users\/10593"}],"replies":[{"embeddable":true,"href":"https:\/\/staging.ivg.it\/ediapi\/wp\/v2\/comments?post=492971"}],"version-history":[{"count":0,"href":"https:\/\/staging.ivg.it\/ediapi\/wp\/v2\/posts\/492971\/revisions"}],"wp:attachment":[{"href":"https:\/\/staging.ivg.it\/ediapi\/wp\/v2\/media?parent=492971"}],"wp:term":[{"taxonomy":"category","embeddable":true,"href":"https:\/\/staging.ivg.it\/ediapi\/wp\/v2\/categories?post=492971"},{"taxonomy":"post_tag","embeddable":true,"href":"https:\/\/staging.ivg.it\/ediapi\/wp\/v2\/tags?post=492971"}],"curies":[{"name":"wp","href":"https:\/\/api.w.org\/{rel}","templated":true}]}}