{"id":492815,"date":"2020-03-20T15:11:07","date_gmt":"2020-03-20T14:11:07","guid":{"rendered":"http:\/\/www.ivg.it\/?p=492815"},"modified":"2020-03-20T15:17:37","modified_gmt":"2020-03-20T14:17:37","slug":"onore-a-chi-salva-la-nostra-gente-il-messaggio-degli-ultras-vecchio-stampo","status":"publish","type":"post","link":"https:\/\/staging.ivg.it\/2020\/03\/onore-a-chi-salva-la-nostra-gente-il-messaggio-degli-ultras-vecchio-stampo\/","title":{"rendered":"&#8220;Onore a chi salva la nostra gente&#8221;: il messaggio degli ultras Vecchio Stampo"},"content":{"rendered":"<p><strong>Savona<\/strong>. Il <strong>Savona<\/strong> non scende in campo da domenica 23 febbraio; quasi un mese \u00e8 passato dalla vittoria dei biancobl\u00f9 sul campo del Bra e ancora non si intravvede la possibilit\u00e0 di riprendere il campionato. Potrebbe ripartire ad inizio maggio, ma \u00e8 impossibile fare previsioni sul termine dell&#8217;<strong>emergenza Coronavirus.<\/strong><\/p>\n<p>In queste giornate<strong> il calcio \u00e8 lontano dai pensieri di tutti,<\/strong> anche dei pi\u00f9 accesi sostenitori. <strong>Il tifo non \u00e8 pi\u00f9 rivolto ai giocatori, bens\u00ec ai medici e a tutti gli operatori sanitari che lavorano quotidianamente.<\/strong><\/p>\n<p>A tale proposito, gli ultras<strong>\u00a0Vecchio Stampo<\/strong>, gruppo di tifosi del Savona Fbc, hanno esposto un eloquente striscione nei pressi dell&#8217;ingresso dell&#8217;ospedale <strong>San Paolo<\/strong> per ringraziare tutte le persone che stanno fronteggiando in prima linea l&#8217;emergenza: &#8220;<strong>Un grazie non \u00e8 sufficiente, onore a chi salva la nostra gente<\/strong>&#8220;.<\/p>\n","protected":false},"excerpt":{"rendered":"<p>Uno striscione all&#8217;ingresso del San Paolo per ringraziare le persone che stanno fronteggiando l&#8217;emergenza Coronavirus<\/p>\n","protected":false},"author":18,"featured_media":0,"comment_status":"open","ping_status":"closed","sticky":false,"template":"","format":"standard","meta":{"footnotes":""},"categories":[45296,56,182,32],"tags":[85989,111891,102141],"class_list":["post-492815","post","type-post","status-publish","format-standard","hentry","category-copertina","category-altre","category-calcio","category-sport","tag-calcio","tag-coronavirus","tag-ultras-vecchio-stampo","post_cat_citta-savona"],"amp_validity":null,"amp_enabled":true,"_links":{"self":[{"href":"https:\/\/staging.ivg.it\/ediapi\/wp\/v2\/posts\/492815","targetHints":{"allow":["GET"]}}],"collection":[{"href":"https:\/\/staging.ivg.it\/ediapi\/wp\/v2\/posts"}],"about":[{"href":"https:\/\/staging.ivg.it\/ediapi\/wp\/v2\/types\/post"}],"author":[{"embeddable":true,"href":"https:\/\/staging.ivg.it\/ediapi\/wp\/v2\/users\/18"}],"replies":[{"embeddable":true,"href":"https:\/\/staging.ivg.it\/ediapi\/wp\/v2\/comments?post=492815"}],"version-history":[{"count":0,"href":"https:\/\/staging.ivg.it\/ediapi\/wp\/v2\/posts\/492815\/revisions"}],"wp:attachment":[{"href":"https:\/\/staging.ivg.it\/ediapi\/wp\/v2\/media?parent=492815"}],"wp:term":[{"taxonomy":"category","embeddable":true,"href":"https:\/\/staging.ivg.it\/ediapi\/wp\/v2\/categories?post=492815"},{"taxonomy":"post_tag","embeddable":true,"href":"https:\/\/staging.ivg.it\/ediapi\/wp\/v2\/tags?post=492815"}],"curies":[{"name":"wp","href":"https:\/\/api.w.org\/{rel}","templated":true}]}}