{"id":492804,"date":"2020-03-20T13:37:22","date_gmt":"2020-03-20T12:37:22","guid":{"rendered":"http:\/\/www.ivg.it\/?p=492804"},"modified":"2020-03-20T13:38:26","modified_gmt":"2020-03-20T12:38:26","slug":"ll-torneo-delle-regioni-di-calcio-a-11-e-stato-rinviato","status":"publish","type":"post","link":"https:\/\/staging.ivg.it\/2020\/03\/ll-torneo-delle-regioni-di-calcio-a-11-e-stato-rinviato\/","title":{"rendered":"ll Torneo delle Regioni di calcio a 11 \u00e8 stato rinviato"},"content":{"rendered":"<p>La Lega Nazionale Dilettanti, dopo aver preso atto della richiesta pervenuta in tal senso dal Comitato Provinciale Autonomo di Bolzano, non avendo certezza dei tempi e delle modalit\u00e0 con le quali potr\u00e0 cessare l&#8217;attuale situazione in ordine all&#8217;emergenza epidemiologica da Covid-19, ha disposto il rinvio, a data da destinarsi, del Torneo delle Regioni di calcio a 11, in programma dal 24 aprile al 1 maggio 2020 nel territorio della provincia di Bolzano.<\/p>\n<p>Nel Comunicato Ufficiale si legge:<\/p>\n<p>&#8220;Si comunica che il Presidente della Lega Nazionale Dilettanti,<\/p>\n<p>&#8211; giusta delega ricevuta dal Consiglio Direttivo di Lega del 9 Marzo 2020;<\/p>\n<p>&#8211; preso atto della richiesta pervenuta in data odierna dal Presidente del Comitato Provinciale Autonomo di Bolzano, Paul Tappeiner, al quale era stata affidata l&#8217;organizzazione del Torneo delle Regioni di Calcio a 11 per l&#8217;edizione del 2020, circa il rinvio della suddetta manifestazione a causa del perdurare della situazione attualmente esistente anche nell&#8217;ambito della Provincia Autonoma di Bolzano in ordine alla emergenza epidemiologica da Covid-19;<\/p>\n<p>&#8211; valutata la necessit\u00e0 di garantire in primo luogo la tutela della salute di tutti coloro che, a vario titolo, risulterebbero coinvolti nello svolgimento del citato Torneo delle Regioni di Calcio a 11;<\/p>\n<p>&#8211; tenuto conto, altres\u00ec, che al momento non \u00e8 possibile prevedere con certezza i tempi e le modalit\u00e0 con le quali potr\u00e0 cessare la situazione di emergenza, con limitazione anche della libera circolazione delle persone sul territorio nazionale<\/p>\n","protected":false},"excerpt":{"rendered":"<p>Lo speciale Settore Giovanile del ct Vaniglia<\/p>\n","protected":false},"author":18,"featured_media":0,"comment_status":"open","ping_status":"closed","sticky":false,"template":"","format":"standard","meta":{"footnotes":""},"categories":[182,32],"tags":[85989,5327,58119],"class_list":["post-492804","post","type-post","status-publish","format-standard","hentry","category-calcio","category-sport","tag-calcio","tag-calcio-giovanile","tag-speciale-settore-giovanile","post_tag_personaggi-felicino-vaniglia"],"amp_validity":null,"amp_enabled":true,"_links":{"self":[{"href":"https:\/\/staging.ivg.it\/ediapi\/wp\/v2\/posts\/492804","targetHints":{"allow":["GET"]}}],"collection":[{"href":"https:\/\/staging.ivg.it\/ediapi\/wp\/v2\/posts"}],"about":[{"href":"https:\/\/staging.ivg.it\/ediapi\/wp\/v2\/types\/post"}],"author":[{"embeddable":true,"href":"https:\/\/staging.ivg.it\/ediapi\/wp\/v2\/users\/18"}],"replies":[{"embeddable":true,"href":"https:\/\/staging.ivg.it\/ediapi\/wp\/v2\/comments?post=492804"}],"version-history":[{"count":0,"href":"https:\/\/staging.ivg.it\/ediapi\/wp\/v2\/posts\/492804\/revisions"}],"wp:attachment":[{"href":"https:\/\/staging.ivg.it\/ediapi\/wp\/v2\/media?parent=492804"}],"wp:term":[{"taxonomy":"category","embeddable":true,"href":"https:\/\/staging.ivg.it\/ediapi\/wp\/v2\/categories?post=492804"},{"taxonomy":"post_tag","embeddable":true,"href":"https:\/\/staging.ivg.it\/ediapi\/wp\/v2\/tags?post=492804"}],"curies":[{"name":"wp","href":"https:\/\/api.w.org\/{rel}","templated":true}]}}