{"id":492782,"date":"2020-03-20T11:42:07","date_gmt":"2020-03-20T10:42:07","guid":{"rendered":"http:\/\/www.ivg.it\/?p=492782"},"modified":"2020-03-20T11:42:07","modified_gmt":"2020-03-20T10:42:07","slug":"coronavirus-bruno-europa-verde-su-arrivo-costa-luminosa-a-savona-caprioglio-si-fa-cogliere-impreparata","status":"publish","type":"post","link":"https:\/\/staging.ivg.it\/2020\/03\/coronavirus-bruno-europa-verde-su-arrivo-costa-luminosa-a-savona-caprioglio-si-fa-cogliere-impreparata\/","title":{"rendered":"Coronavirus, Bruno (Europa Verde): &#8220;Su arrivo Costa Luminosa a Savona, Caprioglio si fa cogliere impreparata&#8221;"},"content":{"rendered":"<p><strong>Savona.\u00a0<\/strong>&#8220;Noi Verdi vorremmo fissare tre cose, che ci paiono importanti in questa situazione&#8221;. A parlare, in una nota, \u00e8 Danilo Bruno, esponente di Europa Verde Liguria, che interviene sull&#8217;emergenza sanitaria causata dal coronavirus.<\/p>\n<p>Spiegano bruno: &#8220;Dopo la crisi bisogner\u00e0 parlare del problema delle attribuzioni di poteri e competenze poich\u00e9 questa emergenza \u00e8 sicuramente eccezionale ma ha portato pure allo stress le norme di legge e costituzionali su cui dovremo ripensare ed in particolare sul potere di controllo del Parlamento-In queste settimane ho provato a riflettere a cosa sarebbe potuto succedere se al governo vi fosse stato un rappresentante della destra italiana, che spesso si colloca fuori dal dettato costituzionale per posizioni, relazioni e frequentazioni&#8221;<\/p>\n<p>&#8220;Bisogner\u00e0 &#8211; continua. Bruno &#8211; parlare del rapporto fra epidemie e inquinamento nonch\u00e9 cambiamento climatico poich\u00e9 vari studiosi e quotidiani stanno affrontando il problema e sar\u00e0 nostra cura affrontare in modo scientifico il problema.Vi preannunciamo che nostri esperti si sono presi l&#8217;onore e l&#8217;onere di impostare un percorso condiviso per porre il tema alla collettivit\u00e0&#8221;.<\/p>\n<p>&#8220;Infine dovremo affrontare il discorso sugli strumenti di informazione poich\u00e9 social a parte in queste ultime settimane vediamo in giro solo Toti e soprattutto vediamo cose che avevamo scritto settimane fa cercando di mettere sull&#8217;avviso l&#8217;opinione pubblica e cos\u00ec: arriva la nave Costa Luminosa a Savona e la sindaca si fa cogliere impreparata e deve fare l&#8217;ennesima rincorsa affannosa; chiude il punto di primo intervento di Cairo Montenotte senza alcuna logica sanitaria e sociale,privando oltre quarantamila persone di ogni servizio di primo intervento; viene attivata una nave a ospedale quando interi reparti pubblici sono chiusi (Padiglione C del Galliera, santa Maria di Bhetlem di Varazze,Barellai di Costarainera,&#8230;) ed infine ma purtroppo non ultimo ieri ha chiuso uno dei punti genovesi di cura per migranti e persone a forte rischio o senzatetto,lasciandoli senza un punto di appoggio ma soprattutto senza un riferimento rischiando di divenire un pericolo per se e per altre o altri.\u00a0Avremo modo di tornare sulle cose ma ogni tanto vale la pena fare il punto&#8221; conclude.<\/p>\n<p><strong><a href=\"https:\/\/www.ivg.it\/tag\/coronavirus\/\" target=\"_blank\" rel=\"noopener\">TUTTI GLI AGGIORNAMENTI SULL&#8217;EMERGENZA<\/a><\/strong><\/p>\n","protected":false},"excerpt":{"rendered":"<p>&#8220;Dopo la crisi bisogner\u00e0 parlare del problema delle attribuzioni di poteri e competenze&#8221;<\/p>\n","protected":false},"author":17962,"featured_media":0,"comment_status":"open","ping_status":"closed","sticky":false,"template":"","format":"standard","meta":{"footnotes":""},"categories":[45296,56,35,31],"tags":[111891,112094],"class_list":["post-492782","post","type-post","status-publish","format-standard","hentry","category-copertina","category-altre","category-economia","category-politica","tag-coronavirus","tag-europa-verde-liguria","post_cat_citta-savona","post_tag_personaggi-danilo-bruno"],"amp_validity":null,"amp_enabled":true,"_links":{"self":[{"href":"https:\/\/staging.ivg.it\/ediapi\/wp\/v2\/posts\/492782","targetHints":{"allow":["GET"]}}],"collection":[{"href":"https:\/\/staging.ivg.it\/ediapi\/wp\/v2\/posts"}],"about":[{"href":"https:\/\/staging.ivg.it\/ediapi\/wp\/v2\/types\/post"}],"author":[{"embeddable":true,"href":"https:\/\/staging.ivg.it\/ediapi\/wp\/v2\/users\/17962"}],"replies":[{"embeddable":true,"href":"https:\/\/staging.ivg.it\/ediapi\/wp\/v2\/comments?post=492782"}],"version-history":[{"count":0,"href":"https:\/\/staging.ivg.it\/ediapi\/wp\/v2\/posts\/492782\/revisions"}],"wp:attachment":[{"href":"https:\/\/staging.ivg.it\/ediapi\/wp\/v2\/media?parent=492782"}],"wp:term":[{"taxonomy":"category","embeddable":true,"href":"https:\/\/staging.ivg.it\/ediapi\/wp\/v2\/categories?post=492782"},{"taxonomy":"post_tag","embeddable":true,"href":"https:\/\/staging.ivg.it\/ediapi\/wp\/v2\/tags?post=492782"}],"curies":[{"name":"wp","href":"https:\/\/api.w.org\/{rel}","templated":true}]}}