{"id":492772,"date":"2020-03-20T11:29:20","date_gmt":"2020-03-20T10:29:20","guid":{"rendered":"http:\/\/www.ivg.it\/?p=492772"},"modified":"2020-03-20T11:29:20","modified_gmt":"2020-03-20T10:29:20","slug":"alassio-il-comune-apre-un-conto-corrente-per-la-raccolta-di-fondi-e-donazioni-pro-emergenza-covid-19","status":"publish","type":"post","link":"https:\/\/staging.ivg.it\/2020\/03\/alassio-il-comune-apre-un-conto-corrente-per-la-raccolta-di-fondi-e-donazioni-pro-emergenza-covid-19\/","title":{"rendered":"Alassio, il comune apre un conto corrente per la raccolta di fondi e donazioni &#8220;Pro emergenza Covid-19&#8221;"},"content":{"rendered":"<p><strong>Alassio<\/strong>. Deliberato pochi giorni fa \u00e8 stato subito aperto presso la Banca Popolare di Sondrio un Iban intestato al comune di Alassio per la raccolta di fondi e donazioni \u201cPro emergenza Covid 19\u201d.<\/p>\n<p>&#8220;L&#8217;idea \u00e8 giunta a seguito di alcune segnalazioni da parte di persone che avrebbero avuto il piacere di mettere a disposizione risorse per supportare l&#8217;attivit\u00e0 dell&#8217;amministrazione alassina in questa emergenza &#8211; spiega <strong>Massimo Parodi<\/strong>, presidente del consiglio, che ha sottoposto l&#8217;iniziativa alla Giunta comunale &#8211; in questa iniziativa ho trovato poi il supporto anche da parte di altri gruppi consiliari che stavano per proporre la medesima idea con i quali da un fattivo scambio di vedute si sono messe a punto modalit\u00e0 e direttive. Devo infatti ringraziare Enzo Canepa, Simone Rossi e Martino Schivo per come, ognuno con riflessioni proprie e analisi rispetto alle indicazioni ricevute dalla cittadinanza, hanno saputo indirizzare il progetto. Quanto ricavato sar\u00e0 infatti utilizzato per l&#8217;acquisto di Dispositivi di Protezione Individuale o quanto si render\u00e0 ulteriormente utile per sostenere l&#8217;attivit\u00e0 di Croce Bianca, Croce Rossa, Protezione Civile, Avis&#8230; quelle associazioni e quelle realt\u00e0 che costituiscono il primo riferimento della popolazione.&#8221;.<\/p>\n<p>&#8220;Ringrazio il presidente de consiglio &#8211; il commento di <strong>Simone Rossi<\/strong>, del gruppo consigliare Semplicemente Alassini &#8211; per aver subito raccolto e fatta propria una proposta scaturita da un confronto costruttivo tra maggioranza e opposizioni; e ringrazio la Giunta per averla trasformata un atto operativo che nasce con lo spirito di andare a supportare chi in questo momento sta combattendo in prima linea questa battaglia contro il contagio da Covid-19. Ognuno di noi ha da oggi un mezzo in pi\u00f9 per supportare la causa: il Conto Corrente Bancario e, naturalmente, lo stare a casa: un piccolo sacrificio che sapr\u00e0 dare un grande risultato&#8221;.<\/p>\n<p>&#8220;Iniziativa assolutamente necessaria &#8211; aggiunge <strong>Marino Schivo<\/strong> del gruppo consigliare Alassio 365 &#8211; Trovo che lo strumento sia il pi\u00f9 indicato ed efficace. In questo modo, infatti, l&#8217;Ente potr\u00e0 interfacciarsi con i soggetti che gestiscono direttamente l&#8217;emergenza ed offrire rapidamente supporto concreto. Un valido esempio di collaborazione tra maggioranza e minoranza, d&#8217;altronde non riuscirei ad immaginare atteggiamenti diversi in questa situazione&#8221;.<\/p>\n<p>La Banca Popolare di Sondrio invita quanti volessero effettuare donazioni a provvedere esclusivamente attraverso bonifico bancario alle seguenti coordinate:<br \/>\nIntestatario conto: Comune di Alassio.\u00a0Oggetto: Pro emergenza Covid-19.\u00a0IBAN:IT80I0569649240000010004X83.<\/p>\n<p>&#8220;No contanti e no assegni &#8211; spiega ancora Parodi &#8211; per evitare di doversi recare agli sportelli. Tramite e-bancking \u00e8 possibile effettuare l&#8217;operazione in totale sicurezza e nel rispetto del DPCM e dell&#8217;obbligo di ridurre al minimo essenziale e improrogabile, le uscite&#8221;.\u200b<\/p>\n","protected":false},"excerpt":{"rendered":"<p>Aperto presso la tesoreria comunale della Banca Popolare di Sondrio. Sono possibili versamenti solo mediante bonifico bancario on line<\/p>\n","protected":false},"author":20094,"featured_media":0,"comment_status":"open","ping_status":"closed","sticky":false,"template":"","format":"standard","meta":{"footnotes":""},"categories":[34],"tags":[112429,111891],"class_list":["post-492772","post","type-post","status-publish","format-standard","hentry","category-cronaca","tag-allarme-coronavirus","tag-coronavirus","post_cat_citta-alassio","post_tag_personaggi-massimo-parodi"],"amp_validity":null,"amp_enabled":true,"_links":{"self":[{"href":"https:\/\/staging.ivg.it\/ediapi\/wp\/v2\/posts\/492772","targetHints":{"allow":["GET"]}}],"collection":[{"href":"https:\/\/staging.ivg.it\/ediapi\/wp\/v2\/posts"}],"about":[{"href":"https:\/\/staging.ivg.it\/ediapi\/wp\/v2\/types\/post"}],"author":[{"embeddable":true,"href":"https:\/\/staging.ivg.it\/ediapi\/wp\/v2\/users\/20094"}],"replies":[{"embeddable":true,"href":"https:\/\/staging.ivg.it\/ediapi\/wp\/v2\/comments?post=492772"}],"version-history":[{"count":0,"href":"https:\/\/staging.ivg.it\/ediapi\/wp\/v2\/posts\/492772\/revisions"}],"wp:attachment":[{"href":"https:\/\/staging.ivg.it\/ediapi\/wp\/v2\/media?parent=492772"}],"wp:term":[{"taxonomy":"category","embeddable":true,"href":"https:\/\/staging.ivg.it\/ediapi\/wp\/v2\/categories?post=492772"},{"taxonomy":"post_tag","embeddable":true,"href":"https:\/\/staging.ivg.it\/ediapi\/wp\/v2\/tags?post=492772"}],"curies":[{"name":"wp","href":"https:\/\/api.w.org\/{rel}","templated":true}]}}