{"id":492764,"date":"2020-03-20T10:14:28","date_gmt":"2020-03-20T09:14:28","guid":{"rendered":"http:\/\/www.ivg.it\/?p=492764"},"modified":"2020-03-20T10:14:28","modified_gmt":"2020-03-20T09:14:28","slug":"coronavirus-allistituto-comprensivo-di-carcare-potenziamento-digitale-per-la-didattica-a-distanza","status":"publish","type":"post","link":"https:\/\/staging.ivg.it\/2020\/03\/coronavirus-allistituto-comprensivo-di-carcare-potenziamento-digitale-per-la-didattica-a-distanza\/","title":{"rendered":"Coronavirus, all&#8217;Istituto comprensivo di Carcare potenziamento digitale per la didattica a distanza"},"content":{"rendered":"<p><strong>Carcare<\/strong>. <strong>Coronavirus<\/strong> e scuole chiuse: all&#8217;Istituto Comprensivo di Carcare, oltre al registro elettronico, si sta attivando la piattaforma Cisco Webex per consentire a docenti e alunni una trasmissione ragionata di materiali didattici, attraverso il caricamento degli stessi su piattaforme digitali in tutte le loro funzioni di comunicazione e di supporto alla didattica, con successiva rielaborazione e discussione operata direttamente o indirettamente con il docente, la presenza di un animatore digitale, l&#8217;interazione su sistemi e app interattive educative propriamente digitali: tutto ci\u00f2 \u00e8 didattica a distanza, affinch\u00e8 nessuno debba &#8220;essere in panchina&#8221;.<\/p>\n<p>L&#8217;emergenza sanitaria che l&#8217;Italia sta attraversando ha reso necessari rapidi provvedimenti che richiedono al Dirigente scolastico di attivare nelle scuole modalit\u00e0 di didattica a distanza, che, in queste difficili settimane, ha avuto e ha due significati: da un lato, sollecita l&#8217;intera comunit\u00e0 educante a continuare a perseguire il compito sociale e formativo del &#8220;fare scuola&#8221;, dall&#8217;altra mantenere viva la comunit\u00e0 di classe, attraverso il collegamento diretto o indiretto, immediato o differito, attraverso videoconferenze, videolezioni, chat di gruppo.<\/p>\n<p>Il Dirigente scolastico, Raffaella Battiloro, esprime il suo grazie a tutti i docenti &#8220;per la loro costante collaborazione ed incisiva presenza, seppure virtuale, con tutti i loro alunni, nel continuo impegno di ricerca di feedback ed interazione nel rapporto didattico; un plauso forte e sincero va allo staff di dirigenza, nonch\u00e9 alla Dsga Stefania Carletto e a tutti gli amministrativi per il prezioso lavoro che quotidianamente svolgono per la massima erogazione del servizio degli uffici; non ultimi, i collaboratori scolastici per l&#8217;impegno profuso in queste settimane per favorire il sereno rientro degli alunni presso i locali della scuola&#8221;.<\/p>\n","protected":false},"excerpt":{"rendered":"<p>La dirigente scolastica Battiloro illustra le strategie per non lasciare nessuno &#8220;in panchina&#8221;<\/p>\n","protected":false},"author":20094,"featured_media":0,"comment_status":"open","ping_status":"closed","sticky":false,"template":"","format":"standard","meta":{"footnotes":""},"categories":[56],"tags":[112429,111891,199],"class_list":["post-492764","post","type-post","status-publish","format-standard","hentry","category-altre","tag-allarme-coronavirus","tag-coronavirus","tag-scuola","post_cat_citta-carcare"],"amp_validity":null,"amp_enabled":true,"_links":{"self":[{"href":"https:\/\/staging.ivg.it\/ediapi\/wp\/v2\/posts\/492764","targetHints":{"allow":["GET"]}}],"collection":[{"href":"https:\/\/staging.ivg.it\/ediapi\/wp\/v2\/posts"}],"about":[{"href":"https:\/\/staging.ivg.it\/ediapi\/wp\/v2\/types\/post"}],"author":[{"embeddable":true,"href":"https:\/\/staging.ivg.it\/ediapi\/wp\/v2\/users\/20094"}],"replies":[{"embeddable":true,"href":"https:\/\/staging.ivg.it\/ediapi\/wp\/v2\/comments?post=492764"}],"version-history":[{"count":0,"href":"https:\/\/staging.ivg.it\/ediapi\/wp\/v2\/posts\/492764\/revisions"}],"wp:attachment":[{"href":"https:\/\/staging.ivg.it\/ediapi\/wp\/v2\/media?parent=492764"}],"wp:term":[{"taxonomy":"category","embeddable":true,"href":"https:\/\/staging.ivg.it\/ediapi\/wp\/v2\/categories?post=492764"},{"taxonomy":"post_tag","embeddable":true,"href":"https:\/\/staging.ivg.it\/ediapi\/wp\/v2\/tags?post=492764"}],"curies":[{"name":"wp","href":"https:\/\/api.w.org\/{rel}","templated":true}]}}