{"id":492762,"date":"2020-03-20T10:16:03","date_gmt":"2020-03-20T09:16:03","guid":{"rendered":"http:\/\/www.ivg.it\/?p=492762"},"modified":"2020-03-20T10:18:34","modified_gmt":"2020-03-20T09:18:34","slug":"albenga-in-lutto-per-la-scomparsa-di-antonio-chirivi","status":"publish","type":"post","link":"https:\/\/staging.ivg.it\/2020\/03\/albenga-in-lutto-per-la-scomparsa-di-antonio-chirivi\/","title":{"rendered":"Albenga in lutto per la scomparsa di Antonio Chiriv\u00ec"},"content":{"rendered":"<p><strong>Albenga.<\/strong> Si \u00e8 spento a 77 anni all&#8217;Ospedale Santa Corona di Pietra Ligure Antonio Chiriv\u00ec, padre di Tiziana e Alessandro Chiriv\u00ec. A togliergli la vita \u00e8 stato un ictus che lo ha colpito alcuni giorni fa.<\/p>\n<p>Ormai in pensione, aiutava la figlia Tiziana nel negozio di bomboniere in viale Pontelungo ad Albenga. Il figlio Alessandro (con il padre nella foto) \u00e8 molto noto in citt\u00e0 per la propria attivit\u00e0 di avvocato, per il ruolo di presidente della San Filippo Neri e per l&#8217;impegno in politica: da gennaio \u00e8 segretario del circolo di Fratelli d\u2019Italia \u201cAlbenga e Valli Ingaune\u201d.<\/p>\n<p>&#8220;Ciao pap\u00e0, Dio aveva bisogno di un tenore per il coro del paradiso e ti ha chiamato a s\u00e9 &#8211; \u00e8 lo struggente ricordo del figlio &#8211; O forse gli serviva un bravo pittore o un centravanti per la sua squadra e ha deciso di mandarti a prendere con questo ictus. Ho il cuore sanguinante e gli occhi gonfi di lacrime per non averti potuto stare vicino nei tuoi ultimi giorni, con un abbraccio o tenendoti la mano, e di non aver avuto l&#8217;occasione di dirti per l&#8217;ultima volta quanto ti volevo bene&#8221;.<\/p>\n<p>Oltre ai due figli, Antonio Chiriv\u00ec lascia la moglie Vilma e i nipoti Andrea e Sara. Nelle ultime ore al cordoglio della famiglia si sono uniti l&#8217;Asd San Filippo Neri, l&#8217;associazione culturale Quartiere Santa Maria e i colleghi dello studio legale di Alessandro.<\/p>\n<p>L&#8217;attuale situazione legata al Coronavirus e il decreto del presidente del Consiglio dei Ministri impediscono di celebrare funerali. Per questo ci si limiter\u00e0 a una benedizione fuori dalla Cattedrale di San Michele Arcangelo ad Albenga, che si terr\u00e0 sabato 21 marzo alle ore 10.30. &#8220;Quando la situazione sar\u00e0 tornata alla normalit\u00e0 ti ricorderemo tutti insieme con una Messa, magari cantata, come piaceva a te &#8211; promette Alessandro &#8211; Spero che nel tempo libero il Signore ti lasci andare ogni tanto a pescare nei mari del cielo. Sarai sempre con noi&#8221;.<\/p>\n<p><em>Anche la redazione di IVG.it si unisce al dolore della famiglia Chiriv\u00ec, porgendo le proprie condoglianze a tutti i familiari.<\/em><\/p>\n","protected":false},"excerpt":{"rendered":"<p>Era il padre di Tiziana, titolare di un negozio di bomboniere, e Alessandro, avvocato e politico<\/p>\n","protected":false},"author":10593,"featured_media":0,"comment_status":"open","ping_status":"closed","sticky":false,"template":"","format":"standard","meta":{"footnotes":""},"categories":[34],"tags":[],"class_list":["post-492762","post","type-post","status-publish","format-standard","hentry","category-cronaca","post_cat_citta-albenga","post_tag_personaggi-alessandro-chirivi","post_tag_personaggi-antonio-chirivi"],"amp_validity":null,"amp_enabled":true,"_links":{"self":[{"href":"https:\/\/staging.ivg.it\/ediapi\/wp\/v2\/posts\/492762","targetHints":{"allow":["GET"]}}],"collection":[{"href":"https:\/\/staging.ivg.it\/ediapi\/wp\/v2\/posts"}],"about":[{"href":"https:\/\/staging.ivg.it\/ediapi\/wp\/v2\/types\/post"}],"author":[{"embeddable":true,"href":"https:\/\/staging.ivg.it\/ediapi\/wp\/v2\/users\/10593"}],"replies":[{"embeddable":true,"href":"https:\/\/staging.ivg.it\/ediapi\/wp\/v2\/comments?post=492762"}],"version-history":[{"count":0,"href":"https:\/\/staging.ivg.it\/ediapi\/wp\/v2\/posts\/492762\/revisions"}],"wp:attachment":[{"href":"https:\/\/staging.ivg.it\/ediapi\/wp\/v2\/media?parent=492762"}],"wp:term":[{"taxonomy":"category","embeddable":true,"href":"https:\/\/staging.ivg.it\/ediapi\/wp\/v2\/categories?post=492762"},{"taxonomy":"post_tag","embeddable":true,"href":"https:\/\/staging.ivg.it\/ediapi\/wp\/v2\/tags?post=492762"}],"curies":[{"name":"wp","href":"https:\/\/api.w.org\/{rel}","templated":true}]}}