{"id":492718,"date":"2020-03-19T14:36:18","date_gmt":"2020-03-19T13:36:18","guid":{"rendered":"http:\/\/www.ivg.it\/?p=492718"},"modified":"2020-03-19T16:17:05","modified_gmt":"2020-03-19T15:17:05","slug":"santa-corona-la-solidarieta-non-si-ferma-avviata-una-raccolta-fondi-per-la-rianimazione","status":"publish","type":"post","link":"https:\/\/staging.ivg.it\/2020\/03\/santa-corona-la-solidarieta-non-si-ferma-avviata-una-raccolta-fondi-per-la-rianimazione\/","title":{"rendered":"Santa Corona, la solidariet\u00e0 non si ferma: avviata una raccolta fondi per la Rianimazione"},"content":{"rendered":"<p><strong>Pietra Ligure<\/strong>. Non si ferma la solidariet\u00e0 collettiva <a href=\"https:\/\/www.ivg.it\/2020\/03\/coronavirus-i-link-alle-raccolte-fondi-per-ospedali-e-pubbliche-assistenze\/\"><strong>verso gli ospedali e le pubbliche assistenze<\/strong><\/a>, con centinaia di donazioni raccolte in pochi giorni. Ultima della lista, ma certamente non per importanza, quella avviata pochi giorni fa dalla sorella di un medico rianimatore dell&#8217;ospedale Santa Corona di Pietra Ligure, a favore proprio del reparto di Rianimazione della struttura.<\/p>\n<p>&#8220;Stiamo affrontando un&#8217;emergenza sanitaria mondiale e noi cittadini ci sentiamo impotenti. Siamo confinati nelle nostre abitazioni e ci chiediamo cosa possiamo fare, nel nostro piccolo, per aiutare&#8221;, esordisce la donna nel suo appello. &#8220;In questi giorni tutti i reparti di rianimazione d&#8217;Italia stanno dando il massimo per prepararsi ad accogliere, seguire e curare tutti i malati di covid-19 che hanno e avranno bisogno della terapia intensiva. Per aiutarli, oltre al supporto morale di tutti noi, servono presidi di protezione (mascherine, tute, guanti ecc) e di alcuni dispositivi utili alla respirazione dei pazienti&#8221;.<\/p>\n<div class=\"gfm-embed\" data-url=\"https:\/\/www.gofundme.com\/f\/covid19-insieme-per-santa-corona\/widget\/large\"><\/div>\n<p><script defer src=\"https:\/\/www.gofundme.com\/static\/js\/embed.js\"><\/script><\/p>\n<p>&#8220;Questa raccolta fondi serve a dare loro la possibilit\u00e0 di acquistare questo materiale nel pi\u00f9 breve tempo possibile. Sono gi\u00e0 in contatto con alcuni fornitori che hanno disponibile quasi tutto il necessario, mancano solo i fondi immediati. Ora tocca a noi. Anche una piccola donazione pu\u00f2 fare la differenza&#8221;, si conclude l&#8217;appello.\u00a0La raccolta fondi, in soli 4 giorni, ha gi\u00e0 raccolto <strong>pi\u00f9 di 3.600 euro.<\/strong><\/p>\n","protected":false},"excerpt":{"rendered":"<p>E&#8217; stata ideata e creata dalla sorella di un medico e rianimatore dell&#8217;ospedale pietrese<\/p>\n","protected":false},"author":20094,"featured_media":0,"comment_status":"open","ping_status":"closed","sticky":false,"template":"","format":"standard","meta":{"footnotes":""},"categories":[45296,56,34],"tags":[112429,111891,2953],"class_list":["post-492718","post","type-post","status-publish","format-standard","hentry","category-copertina","category-altre","category-cronaca","tag-allarme-coronavirus","tag-coronavirus","tag-ospedale-santa-corona","post_cat_citta-pietra-ligure"],"amp_validity":null,"amp_enabled":true,"_links":{"self":[{"href":"https:\/\/staging.ivg.it\/ediapi\/wp\/v2\/posts\/492718","targetHints":{"allow":["GET"]}}],"collection":[{"href":"https:\/\/staging.ivg.it\/ediapi\/wp\/v2\/posts"}],"about":[{"href":"https:\/\/staging.ivg.it\/ediapi\/wp\/v2\/types\/post"}],"author":[{"embeddable":true,"href":"https:\/\/staging.ivg.it\/ediapi\/wp\/v2\/users\/20094"}],"replies":[{"embeddable":true,"href":"https:\/\/staging.ivg.it\/ediapi\/wp\/v2\/comments?post=492718"}],"version-history":[{"count":0,"href":"https:\/\/staging.ivg.it\/ediapi\/wp\/v2\/posts\/492718\/revisions"}],"wp:attachment":[{"href":"https:\/\/staging.ivg.it\/ediapi\/wp\/v2\/media?parent=492718"}],"wp:term":[{"taxonomy":"category","embeddable":true,"href":"https:\/\/staging.ivg.it\/ediapi\/wp\/v2\/categories?post=492718"},{"taxonomy":"post_tag","embeddable":true,"href":"https:\/\/staging.ivg.it\/ediapi\/wp\/v2\/tags?post=492718"}],"curies":[{"name":"wp","href":"https:\/\/api.w.org\/{rel}","templated":true}]}}