{"id":492693,"date":"2020-03-19T11:31:27","date_gmt":"2020-03-19T10:31:27","guid":{"rendered":"http:\/\/www.ivg.it\/?p=492693"},"modified":"2020-03-19T11:41:06","modified_gmt":"2020-03-19T10:41:06","slug":"coronavirus-mazzata-per-il-trasporto-aereo-ryanair-sospende-tutti-i-voli","status":"publish","type":"post","link":"https:\/\/staging.ivg.it\/2020\/03\/coronavirus-mazzata-per-il-trasporto-aereo-ryanair-sospende-tutti-i-voli\/","title":{"rendered":"Coronavirus, mazzata per il trasporto aereo: Ryanair sospende tutti i voli"},"content":{"rendered":"<p><strong>Liguria.<\/strong> Il gruppo Ryanair ha da ieri gi\u00e0 ridotto i voli per oltre l&#8217;80%, ma dalle 24.00 del 24 marzo \u00e8 previsto lo stop a tutti i collegamenti. Questa mattina l&#8217;aggiornamento definitivo sul sito della compagnia aerea low cost, presente anche all&#8217;aeroporto di Genova.<\/p>\n<p>&#8220;Negli ultimi giorni, la diffusione del virus Covid-19 ha portato la maggior parte dei governi dell&#8217;UE a imporre severi divieti di viaggio e restrizioni, che hanno avuto un impatto negativo sugli operativi di tutte le compagnie del gruppo Ryanair, causando cancellazioni e modifiche su tutto il network&#8221; afferma la compagnia.<\/p>\n<p>&#8220;Invitiamo i clienti che stanno pianificando il proprio viaggio a prestare la massima attenzione a tutte le restrizioni governative. La situazione cambia quotidianamente e suggeriamo ai clienti di controllare le linee guida locali pertinenti emesse dal proprio governo prima di viaggiare, e la nostra pagina Travel Advisory per ulteriori informazioni sulle restrizioni specifiche di ciascun paese&#8221;.<\/p>\n<p>&#8220;I nostri operativi sono stati enormemente interessati da queste restrizioni governative e saranno soggetti a ulteriori tagli: dalle 24:00 di mercoled\u00ec 18 marzo fino alle 24:00 di marted\u00ec 24 marzo, il gruppo Ryanair ridurr\u00e0 i voli per oltre l&#8217;80%. Tutti i clienti interessati riceveranno un&#8217;e-mail con le opzioni e invitiamo gentilmente i clienti a non contattare i nostri Call Center che al momento risultano essere sovraccarichi a causa dell\u2019elevato numero di richieste; dalle 24:00 del 24 marzo prevediamo che la maggior parte, se non tutti, i voli del gruppo Ryanair saranno messi a terra, ad eccezione di un numero molto limitato di operativi per mantenere la connettivit\u00e0 essenziale, principalmente tra Regno Unito e Irlanda. I dettagli di questo programma fortemente ridotto sono disponibili nella pagina di Travel Advisory sul sito Ryanair.com, che verr\u00e0 aggiornata regolarmente&#8221;.<\/p>\n<p>&#8220;Ryanair continuer\u00e0 a rimanere in stretto contatto con i Ministri degli Affari Esteri di tutti i Paesi dell&#8217;UE in merito al rimpatrio dei cittadini dell&#8217;UE e, ove possibile, potremo effettuare voli a supporto&#8221;.<\/p>\n<p>&#8220;Ryanair si scusa per l&#8217;inconveniente causato da questa crisi senza precedenti. La sicurezza e il benessere del nostro personale e dei nostri clienti sono la nostra priorit\u00e0 principale e seguiremo tutte le restrizioni di viaggio imposte. Continueremo a rispettare tutte le linee guida dell&#8217;OMS e dell&#8217;AESA per combattere il virus Covid-19&#8221;.<\/p>\n<p>&#8220;Tutti i nostri pensieri sono rivolti al nostro personale, ai nostri clienti e le loro famiglie nel fronteggiare questa crisi&#8221; conclude il gruppo Raynair.<\/p>\n","protected":false},"excerpt":{"rendered":"<p>La comunicazione ufficiale sul sito della compagnia aerea<\/p>\n","protected":false},"author":4,"featured_media":0,"comment_status":"open","ping_status":"closed","sticky":false,"template":"","format":"standard","meta":{"footnotes":""},"categories":[34,35],"tags":[112429,111891,97233],"class_list":["post-492693","post","type-post","status-publish","format-standard","hentry","category-cronaca","category-economia","tag-allarme-coronavirus","tag-coronavirus","tag-ryanair"],"amp_validity":null,"amp_enabled":true,"_links":{"self":[{"href":"https:\/\/staging.ivg.it\/ediapi\/wp\/v2\/posts\/492693","targetHints":{"allow":["GET"]}}],"collection":[{"href":"https:\/\/staging.ivg.it\/ediapi\/wp\/v2\/posts"}],"about":[{"href":"https:\/\/staging.ivg.it\/ediapi\/wp\/v2\/types\/post"}],"author":[{"embeddable":true,"href":"https:\/\/staging.ivg.it\/ediapi\/wp\/v2\/users\/4"}],"replies":[{"embeddable":true,"href":"https:\/\/staging.ivg.it\/ediapi\/wp\/v2\/comments?post=492693"}],"version-history":[{"count":0,"href":"https:\/\/staging.ivg.it\/ediapi\/wp\/v2\/posts\/492693\/revisions"}],"wp:attachment":[{"href":"https:\/\/staging.ivg.it\/ediapi\/wp\/v2\/media?parent=492693"}],"wp:term":[{"taxonomy":"category","embeddable":true,"href":"https:\/\/staging.ivg.it\/ediapi\/wp\/v2\/categories?post=492693"},{"taxonomy":"post_tag","embeddable":true,"href":"https:\/\/staging.ivg.it\/ediapi\/wp\/v2\/tags?post=492693"}],"curies":[{"name":"wp","href":"https:\/\/api.w.org\/{rel}","templated":true}]}}